{"id":89458,"date":"2018-01-12T19:04:18","date_gmt":"2018-01-12T21:04:18","guid":{"rendered":"http:\/\/diarioregionaljf.com.br\/2018\/01\/12\/curso-de-ferias-promove-capacitacao-e-atualizacao-para-o-mercado-de-trabalho-em-jf\/"},"modified":"2018-01-12T19:04:18","modified_gmt":"2018-01-12T21:04:18","slug":"curso-de-ferias-promove-capacitacao-e-atualizacao-para-o-mercado-de-trabalho-em-jf","status":"publish","type":"post","link":"https:\/\/diarioregionaldigital.com.br\/?p=89458","title":{"rendered":"Curso de F\u00e9rias promove capacita\u00e7\u00e3o e atualiza\u00e7\u00e3o para o mercado de trabalho em JF"},"content":{"rendered":"<p>Aproveitar o per\u00edodo de f\u00e9rias para se capacitar e atualizar no mercado de trabalho. Essa tem sido a op\u00e7\u00e3o de profissionais e estudantes de Juiz de Fora que atuam nas mais diversas \u00e1reas. A partir da pr\u00f3xima segunda-feira a <a href=\"http:\/\/extensao.estacio.br\/?Filtrar=true&amp;SiglaUF=MG&amp;CodMunicipio=31640&amp;CodAreaExtensao=\">Est\u00e1cio <\/a>inicia turmas dos cursos presenciais de Automaquiagem; Assessoria de Imprensa e Primeiros Socorros. Al\u00e9m destes h\u00e1 outros 280 cursos online que podem ser feitos sem sair de casa.<\/p>\n<p>Os cursos duram em m\u00e9dia uma semana e tem custo m\u00e9dio de R$50 permitindo que um p\u00fablico que muitas vezes n\u00e3o tem condi\u00e7\u00f5es, e nem tempo, de se matricular em uma faculdade possa conhecer mais de perto sua \u00e1rea de interesse. Os cursos n\u00e3o exigem que o interessado tenha cursado ou esteja cursando o ensino superior e j\u00e1 contam com cerca de cem inscritos.<\/p>\n<p>Para a Gestora Operacional de P\u00f3s-gradua\u00e7\u00e3o Isis Quinet, respons\u00e1vel pelos cursos livres, essa \u00e9 uma oportunidade de \u201cturbinar o curr\u00edculo, ganhando habilidades extras e se destacando de outros candidatos na hora de uma sele\u00e7\u00e3o de emprego\u201d. At\u00e9 o dia 31 de janeiro ainda ser\u00e3o oferecidos outros cursos como Apresenta\u00e7\u00e3o, Produ\u00e7\u00e3o e Reportagem em TV e Massagem Modeladora Turbinada.<\/p>\n<p>Os cursos v\u00e3o acontecer no Centro Universit\u00e1rio Est\u00e1cio de S\u00e1, localizado na&nbsp;Av. Pres. Jo\u00e3o Goulart, 600 &#8211; Cruzeiro do Sul. Mais informa\u00e7oes pelo telefone (32)&nbsp;<a href=\"https:\/\/www.google.com.br\/search?rlz=1C1AOHY_pt-brBR778BR778&amp;ei=9QRZWuKsAsW9wASnr7eYBA&amp;q=est%C3%A1cio+de+s%C3%A1+jf+local&amp;oq=est%C3%A1cio+de+s%C3%A1+jf+local&amp;gs_l=psy-ab.3..33i160k1l2.38428.39629.0.39827.9.8.0.0.0.0.223.979.0j3j2.5.0....0...1c.1.64.psy-ab..4.5.976...0j0i67k1j0i22i30k1.0.asobc6X4lQY\" class=\"fl r-idZHDq2dYR54\" title=\"Ligar pelo Hangouts\" data-number=\"+553232493600\" data-pstn-out-call-url=\"\" data-rtid=\"idZHDq2dYR54\" data-ved=\"0ahUKEwjJq66yjdPYAhVHHpAKHclSBakQkAgIpgEoADAQ\">3249-3600<\/a>.<\/p>\n<hr \/>\n<p>&nbsp;Fonte: Assessoria<\/p>\n","protected":false},"excerpt":{"rendered":"<p>Aproveitar o per\u00edodo de f\u00e9rias para se capacitar e atualizar no mercado de trabalho. Essa tem sido a op\u00e7\u00e3o de profissionais e estudantes de Juiz de Fora que atuam nas mais diversas \u00e1reas. A partir da pr\u00f3xima segunda-feira a Est\u00e1cio inicia turmas dos cursos presenciais de Automaquiagem; Assessoria de Imprensa e Primeiros Socorros. Al\u00e9m destes [&hellip;]<\/p>\n","protected":false},"author":96,"featured_media":89457,"comment_status":"closed","ping_status":"closed","sticky":false,"template":"","format":"standard","meta":{"footnotes":""},"categories":[253],"tags":[],"class_list":["post-89458","post","type-post","status-publish","format-standard","has-post-thumbnail","hentry","category-cidade"],"_links":{"self":[{"href":"https:\/\/diarioregionaldigital.com.br\/index.php?rest_route=\/wp\/v2\/posts\/89458","targetHints":{"allow":["GET"]}}],"collection":[{"href":"https:\/\/diarioregionaldigital.com.br\/index.php?rest_route=\/wp\/v2\/posts"}],"about":[{"href":"https:\/\/diarioregionaldigital.com.br\/index.php?rest_route=\/wp\/v2\/types\/post"}],"author":[{"embeddable":true,"href":"https:\/\/diarioregionaldigital.com.br\/index.php?rest_route=\/wp\/v2\/users\/96"}],"replies":[{"embeddable":true,"href":"https:\/\/diarioregionaldigital.com.br\/index.php?rest_route=%2Fwp%2Fv2%2Fcomments&post=89458"}],"version-history":[{"count":0,"href":"https:\/\/diarioregionaldigital.com.br\/index.php?rest_route=\/wp\/v2\/posts\/89458\/revisions"}],"wp:featuredmedia":[{"embeddable":true,"href":"https:\/\/diarioregionaldigital.com.br\/index.php?rest_route=\/wp\/v2\/media\/89457"}],"wp:attachment":[{"href":"https:\/\/diarioregionaldigital.com.br\/index.php?rest_route=%2Fwp%2Fv2%2Fmedia&parent=89458"}],"wp:term":[{"taxonomy":"category","embeddable":true,"href":"https:\/\/diarioregionaldigital.com.br\/index.php?rest_route=%2Fwp%2Fv2%2Fcategories&post=89458"},{"taxonomy":"post_tag","embeddable":true,"href":"https:\/\/diarioregionaldigital.com.br\/index.php?rest_route=%2Fwp%2Fv2%2Ftags&post=89458"}],"curies":[{"name":"wp","href":"https:\/\/api.w.org\/{rel}","templated":true}]}}