{"id":89456,"date":"2018-01-12T19:02:54","date_gmt":"2018-01-12T21:02:54","guid":{"rendered":"http:\/\/diarioregionaljf.com.br\/2018\/01\/12\/ufjf-lanca-edital-para-selecao-de-20-professores-substitutos\/"},"modified":"2018-01-12T19:02:54","modified_gmt":"2018-01-12T21:02:54","slug":"ufjf-lanca-edital-para-selecao-de-20-professores-substitutos","status":"publish","type":"post","link":"https:\/\/diarioregionaldigital.com.br\/?p=89456","title":{"rendered":"UFJF lan\u00e7a edital para sele\u00e7\u00e3o de 20 professores substitutos"},"content":{"rendered":"<p>A Universidade Federal de Juiz de Fora (UFJF) selecionar\u00e1 20 professores substitutos para atuarem em diversas \u00e1reas nos campi de Juiz de Fora e de Governador Valadares (<a href=\"http:\/\/www.ufjf.br\/concurso\/files\/2018\/01\/Edital-01.2018-sele%C3%A7%C3%A3o-substituto.pdf\" target=\"_blank\" rel=\"noopener noreferrer\">Edital N\u00ba01\/2018<\/a>). A remunera\u00e7\u00e3o varia de R$2.408,08 a R$5.697,61, de acordo com a titula\u00e7\u00e3o do candidato.<\/p>\n<p>As inscri\u00e7\u00f5es devem ser feitas no per\u00edodo de 15 a 19 de janeiro nas secretarias das unidades acad\u00eamicas \u00e0s quais cada departamento est\u00e1 vinculado. Os requerimentos com a documenta\u00e7\u00e3o exigida pelo edital podem ser enviados via Correios, desde que recebidos pelo setor respons\u00e1vel no prazo determinado. As fichas de inscri\u00e7\u00f5es e formul\u00e1rios est\u00e3o dispon\u00edveis na p\u00e1gina <a href=\"http:\/\/www.ufjf.br\/concurso\/selecao-docentes-temporarios\/242017-2\/322017-2\/\" target=\"_blank\" rel=\"noopener noreferrer\">UFJF Concursos P\u00fablicos<\/a>.<\/p>\n<p>Do total, 15 vagas s\u00e3o destinadas ao campus-sede, em Juiz de Fora, para atua\u00e7\u00e3o nas faculdades de Comunica\u00e7\u00e3o Social, Educa\u00e7\u00e3o F\u00edsica, Engenharia, Letras e Medicina, e para os institutos de Artes e Design, Ci\u00eancias Humanas e Ci\u00eancias Biol\u00f3gicas. J\u00e1 para Governador Valadares est\u00e3o abertas cinco vagas, destinadas ao Instituto de Ci\u00eancias da Vida, para atua\u00e7\u00e3o nos departamentos de Farm\u00e1cia, Odontologia, Fisioterapia e Nutri\u00e7\u00e3o.<\/p>\n<p>Cada candidato poder\u00e1 se inscrever em mais de uma sele\u00e7\u00e3o, cabendo a ele a responsabilidade pela verifica\u00e7\u00e3o da compatibilidade de hor\u00e1rios das provas. As datas das provas escrita ou pr\u00e1tica ser\u00e3o informadas pela banca examinadora logo ap\u00f3s sua instala\u00e7\u00e3o. H\u00e1 ainda vagas reservadas para negros e pessoas com defici\u00eancia.<\/p>\n<p>Fonte: Assessoria<\/p>\n","protected":false},"excerpt":{"rendered":"<p>A Universidade Federal de Juiz de Fora (UFJF) selecionar\u00e1 20 professores substitutos para atuarem em diversas \u00e1reas nos campi de Juiz de Fora e de Governador Valadares (Edital N\u00ba01\/2018). A remunera\u00e7\u00e3o varia de R$2.408,08 a R$5.697,61, de acordo com a titula\u00e7\u00e3o do candidato. As inscri\u00e7\u00f5es devem ser feitas no per\u00edodo de 15 a 19 de [&hellip;]<\/p>\n","protected":false},"author":96,"featured_media":89455,"comment_status":"closed","ping_status":"closed","sticky":false,"template":"","format":"standard","meta":{"footnotes":""},"categories":[280],"tags":[],"class_list":["post-89456","post","type-post","status-publish","format-standard","has-post-thumbnail","hentry","category-concurso"],"_links":{"self":[{"href":"https:\/\/diarioregionaldigital.com.br\/index.php?rest_route=\/wp\/v2\/posts\/89456","targetHints":{"allow":["GET"]}}],"collection":[{"href":"https:\/\/diarioregionaldigital.com.br\/index.php?rest_route=\/wp\/v2\/posts"}],"about":[{"href":"https:\/\/diarioregionaldigital.com.br\/index.php?rest_route=\/wp\/v2\/types\/post"}],"author":[{"embeddable":true,"href":"https:\/\/diarioregionaldigital.com.br\/index.php?rest_route=\/wp\/v2\/users\/96"}],"replies":[{"embeddable":true,"href":"https:\/\/diarioregionaldigital.com.br\/index.php?rest_route=%2Fwp%2Fv2%2Fcomments&post=89456"}],"version-history":[{"count":0,"href":"https:\/\/diarioregionaldigital.com.br\/index.php?rest_route=\/wp\/v2\/posts\/89456\/revisions"}],"wp:featuredmedia":[{"embeddable":true,"href":"https:\/\/diarioregionaldigital.com.br\/index.php?rest_route=\/wp\/v2\/media\/89455"}],"wp:attachment":[{"href":"https:\/\/diarioregionaldigital.com.br\/index.php?rest_route=%2Fwp%2Fv2%2Fmedia&parent=89456"}],"wp:term":[{"taxonomy":"category","embeddable":true,"href":"https:\/\/diarioregionaldigital.com.br\/index.php?rest_route=%2Fwp%2Fv2%2Fcategories&post=89456"},{"taxonomy":"post_tag","embeddable":true,"href":"https:\/\/diarioregionaldigital.com.br\/index.php?rest_route=%2Fwp%2Fv2%2Ftags&post=89456"}],"curies":[{"name":"wp","href":"https:\/\/api.w.org\/{rel}","templated":true}]}}