{"id":89454,"date":"2018-01-12T18:49:57","date_gmt":"2018-01-12T20:49:57","guid":{"rendered":"http:\/\/diarioregionaljf.com.br\/2018\/01\/12\/suspeito-de-trafico-de-drogas-e-preso-em-flagrante-em-uba\/"},"modified":"2018-01-12T18:49:57","modified_gmt":"2018-01-12T20:49:57","slug":"suspeito-de-trafico-de-drogas-e-preso-em-flagrante-em-uba","status":"publish","type":"post","link":"https:\/\/diarioregionaldigital.com.br\/?p=89454","title":{"rendered":"Suspeito de tr\u00e1fico de drogas \u00e9 preso em flagrante em Ub\u00e1"},"content":{"rendered":"<p>Um jovem de 21 anos foi preso em flagrante por tr\u00e1fico de drogas, em Ub\u00e1 (a cerca de 117 Km de Juiz de Fora), nessa quinta-feira, 11. Foram apreendidos nove pinos de coca\u00edna, duas por\u00e7\u00f5es grandes da mesma droga, um tablete e uma bucha de maconha, 67 pinos vazios, um autom\u00f3vel e uma motocicleta.<\/p>\n<p>De acordo com informa\u00e7\u00f5es da Pol\u00edcia Civil (PC), as investiga\u00e7\u00f5es apontam que o suspeito estaria realizando o com\u00e9rcio e a distribui\u00e7\u00e3o de drogas na regi\u00e3o dos bairros Industrial, Paulino Fernandes, Mangueira Rural e adjac\u00eancias.<\/p>\n<p>Ap\u00f3s levantamentos da rotina do preso, a equipe conseguiu captur\u00e1-lo enquanto transportava uma por\u00e7\u00e3o de coca\u00edna. Ele conduzia uma motocicleta e foi preso pr\u00f3ximo ao bairro Mangueira Rural.<\/p>\n<p>Durante as dilig\u00eancias, os policiais civis foram tamb\u00e9m ao apartamento do suspeito, onde encontraram coca\u00edna, maconha e um caderno contendo a contabilidade do tr\u00e1fico de drogas.<\/p>\n<p>O material foi apreendido para an\u00e1lise pericial. J\u00e1 o suspeito foi levado \u00e0 2\u00aa Delegacia Regional de Pol\u00edcia Civil em Ub\u00e1 e, depois de ouvido, encaminhado ao Sistema Prisional.<\/p>\n<p>Fonte: Assessoria<\/p>\n<p>&nbsp;<\/p>\n","protected":false},"excerpt":{"rendered":"<p>Um jovem de 21 anos foi preso em flagrante por tr\u00e1fico de drogas, em Ub\u00e1 (a cerca de 117 Km de Juiz de Fora), nessa quinta-feira, 11. Foram apreendidos nove pinos de coca\u00edna, duas por\u00e7\u00f5es grandes da mesma droga, um tablete e uma bucha de maconha, 67 pinos vazios, um autom\u00f3vel e uma motocicleta. De [&hellip;]<\/p>\n","protected":false},"author":96,"featured_media":89453,"comment_status":"closed","ping_status":"closed","sticky":false,"template":"","format":"standard","meta":{"footnotes":""},"categories":[252],"tags":[],"class_list":["post-89454","post","type-post","status-publish","format-standard","has-post-thumbnail","hentry","category-regiao"],"_links":{"self":[{"href":"https:\/\/diarioregionaldigital.com.br\/index.php?rest_route=\/wp\/v2\/posts\/89454","targetHints":{"allow":["GET"]}}],"collection":[{"href":"https:\/\/diarioregionaldigital.com.br\/index.php?rest_route=\/wp\/v2\/posts"}],"about":[{"href":"https:\/\/diarioregionaldigital.com.br\/index.php?rest_route=\/wp\/v2\/types\/post"}],"author":[{"embeddable":true,"href":"https:\/\/diarioregionaldigital.com.br\/index.php?rest_route=\/wp\/v2\/users\/96"}],"replies":[{"embeddable":true,"href":"https:\/\/diarioregionaldigital.com.br\/index.php?rest_route=%2Fwp%2Fv2%2Fcomments&post=89454"}],"version-history":[{"count":0,"href":"https:\/\/diarioregionaldigital.com.br\/index.php?rest_route=\/wp\/v2\/posts\/89454\/revisions"}],"wp:featuredmedia":[{"embeddable":true,"href":"https:\/\/diarioregionaldigital.com.br\/index.php?rest_route=\/wp\/v2\/media\/89453"}],"wp:attachment":[{"href":"https:\/\/diarioregionaldigital.com.br\/index.php?rest_route=%2Fwp%2Fv2%2Fmedia&parent=89454"}],"wp:term":[{"taxonomy":"category","embeddable":true,"href":"https:\/\/diarioregionaldigital.com.br\/index.php?rest_route=%2Fwp%2Fv2%2Fcategories&post=89454"},{"taxonomy":"post_tag","embeddable":true,"href":"https:\/\/diarioregionaldigital.com.br\/index.php?rest_route=%2Fwp%2Fv2%2Ftags&post=89454"}],"curies":[{"name":"wp","href":"https:\/\/api.w.org\/{rel}","templated":true}]}}