{"id":89450,"date":"2018-01-12T18:44:17","date_gmt":"2018-01-12T20:44:17","guid":{"rendered":"http:\/\/diarioregionaljf.com.br\/2018\/01\/12\/lei-estabelece-meta-de-reducao-pela-metade-no-indice-de-mortes-no-transito\/"},"modified":"2018-01-12T18:44:17","modified_gmt":"2018-01-12T20:44:17","slug":"lei-estabelece-meta-de-reducao-pela-metade-no-indice-de-mortes-no-transito","status":"publish","type":"post","link":"https:\/\/diarioregionaldigital.com.br\/?p=89450","title":{"rendered":"Lei estabelece meta de redu\u00e7\u00e3o pela metade no \u00edndice de mortes no tr\u00e2nsito"},"content":{"rendered":"<p>O \u00edndice de mortes no tr\u00e2nsito deve ser reduzido pela metade num prazo de dez anos. Esse \u00e9 o objetivo do Plano Nacional de Redu\u00e7\u00e3o de Mortes e Les\u00f5es no Tr\u00e2nsito (Pnatrans), criado pela Lei 13.614\/2018, que foi publicada nessa sexta-feira, 12, no Di\u00e1rio Oficial da Uni\u00e3o.<\/p>\n<p>A lei tem origem no Projeto de Lei da C\u00e2mara (PLC) 47\/2016, aprovado no Senado em maio de 2017 e votado com modifica\u00e7\u00f5es na C\u00e2mara dos Deputados em dezembro de 2017. A lei entra em vigor daqui a 60 dias.<\/p>\n<p>O objetivo \u00e9 que em 2028 as mortes no tr\u00e2nsito caiam para a metade. Para estabelecer as metas anuais, a Pol\u00edcia Rodovi\u00e1ria Federal dever\u00e1 realizar consulta ou audi\u00eancia p\u00fablica com a sociedade. As metas ser\u00e3o divulgadas em setembro, durante a Semana Nacional de Tr\u00e2nsito, assim como o balan\u00e7o das estat\u00edsticas do ano anterior (os \u00edndices preliminares ser\u00e3o divulgados at\u00e9 31 de mar\u00e7o).<\/p>\n<p>A meta dever\u00e1 ser atingida atrav\u00e9s do Plano Nacional de Redu\u00e7\u00e3o de Mortes e Les\u00f5es no Tr\u00e2nsito (Pnatrans). O Pnatrans ser\u00e1 elaborado em conjunto pelos \u00f3rg\u00e3os de sa\u00fade, de tr\u00e2nsito, de transporte e de justi\u00e7a. Dever\u00e1 conter os mecanismos de participa\u00e7\u00e3o da sociedade no atingimento das metas; a divulga\u00e7\u00e3o via internet de balan\u00e7o anual com a\u00e7\u00f5es e procedimentos de fiscaliza\u00e7\u00e3o, metas e prazos; e a previs\u00e3o de campanhas de conscientiza\u00e7\u00e3o da popula\u00e7\u00e3o.<\/p>\n<p>&nbsp;<\/p>\n<h4>PENAS PARA DESCUMPRIMENTO DAS METAS<\/h4>\n<p>A C\u00e2mara dos Deputados retirou uma emenda inclu\u00edda no Senado Federal que alterava o artigo 320 do C\u00f3digo de Tr\u00e2nsito Brasileiro. O trecho retirado institu\u00eda uma penaliza\u00e7\u00e3o para os Estados e Distrito Federal que n\u00e3o atingissem os objetivos do Pnatrans ao t\u00e9rmino do prazo de 10 anos. Essa puni\u00e7\u00e3o poderia chegar a at\u00e9 40% do total das multas arrecadadas pelos estados, em caso de v\u00e1rios anos seguidos de reincid\u00eancia.<\/p>\n<p>Fonte: Ag\u00eancia Senado<\/p>\n","protected":false},"excerpt":{"rendered":"<p>O \u00edndice de mortes no tr\u00e2nsito deve ser reduzido pela metade num prazo de dez anos. Esse \u00e9 o objetivo do Plano Nacional de Redu\u00e7\u00e3o de Mortes e Les\u00f5es no Tr\u00e2nsito (Pnatrans), criado pela Lei 13.614\/2018, que foi publicada nessa sexta-feira, 12, no Di\u00e1rio Oficial da Uni\u00e3o. A lei tem origem no Projeto de Lei [&hellip;]<\/p>\n","protected":false},"author":96,"featured_media":89449,"comment_status":"closed","ping_status":"closed","sticky":false,"template":"","format":"standard","meta":{"footnotes":""},"categories":[254],"tags":[],"class_list":["post-89450","post","type-post","status-publish","format-standard","has-post-thumbnail","hentry","category-politica"],"_links":{"self":[{"href":"https:\/\/diarioregionaldigital.com.br\/index.php?rest_route=\/wp\/v2\/posts\/89450","targetHints":{"allow":["GET"]}}],"collection":[{"href":"https:\/\/diarioregionaldigital.com.br\/index.php?rest_route=\/wp\/v2\/posts"}],"about":[{"href":"https:\/\/diarioregionaldigital.com.br\/index.php?rest_route=\/wp\/v2\/types\/post"}],"author":[{"embeddable":true,"href":"https:\/\/diarioregionaldigital.com.br\/index.php?rest_route=\/wp\/v2\/users\/96"}],"replies":[{"embeddable":true,"href":"https:\/\/diarioregionaldigital.com.br\/index.php?rest_route=%2Fwp%2Fv2%2Fcomments&post=89450"}],"version-history":[{"count":0,"href":"https:\/\/diarioregionaldigital.com.br\/index.php?rest_route=\/wp\/v2\/posts\/89450\/revisions"}],"wp:featuredmedia":[{"embeddable":true,"href":"https:\/\/diarioregionaldigital.com.br\/index.php?rest_route=\/wp\/v2\/media\/89449"}],"wp:attachment":[{"href":"https:\/\/diarioregionaldigital.com.br\/index.php?rest_route=%2Fwp%2Fv2%2Fmedia&parent=89450"}],"wp:term":[{"taxonomy":"category","embeddable":true,"href":"https:\/\/diarioregionaldigital.com.br\/index.php?rest_route=%2Fwp%2Fv2%2Fcategories&post=89450"},{"taxonomy":"post_tag","embeddable":true,"href":"https:\/\/diarioregionaldigital.com.br\/index.php?rest_route=%2Fwp%2Fv2%2Ftags&post=89450"}],"curies":[{"name":"wp","href":"https:\/\/api.w.org\/{rel}","templated":true}]}}