{"id":89448,"date":"2018-01-12T18:43:48","date_gmt":"2018-01-12T20:43:48","guid":{"rendered":"http:\/\/diarioregionaljf.com.br\/2018\/01\/12\/beneficios-do-inss-sobem-2-07-e-teto-vai-a-r-5-645\/"},"modified":"2018-01-12T18:43:48","modified_gmt":"2018-01-12T20:43:48","slug":"beneficios-do-inss-sobem-2-07-e-teto-vai-a-r-5-645","status":"publish","type":"post","link":"https:\/\/diarioregionaldigital.com.br\/?p=89448","title":{"rendered":"Benef\u00edcios do INSS sobem 2,07% e teto vai a R$5.645"},"content":{"rendered":"<p>Os segurados que recebem um benef\u00edcio do Instituto Nacional do Seguro Social (INSS) acima do sal\u00e1rio m\u00ednimo j\u00e1 conseguem calcular quanto ganharam com o reajuste deste ano.<\/p>\n<p>A partir do pagamento depositado em fevereiro, eles ter\u00e3o um aumento de 2,07%, percentual correspondente ao \u00cdndice Nacional de Pre\u00e7os ao Consumidor (INPC) acumulado de janeiro a dezembro de 2017. Com o reajuste, o segurado que tem uma aposentadoria de R$1.600, por exemplo, receber\u00e1, a partir de 1\u00b0 de fevereiro, R$1.633,12.<\/p>\n<p>Um benef\u00edcio de R$3.800 passar\u00e1 para R$3.878,66 neste ano. Como tem desconto do Imposto de Renda, o aposentado com at\u00e9 64 anos receber\u00e1 no m\u00eas que vem R$3.873,81, j\u00e1 com desconto. O teto do INSS, que \u00e9 o valor m\u00e1ximo dos benef\u00edcios, passa de R$5.531,31, valor atual, para R$5.645,81. A Previd\u00eancia ainda n\u00e3o divulgou os valores oficiais.<\/p>\n<p>O percentual de aumento dos benef\u00edcios previdenci\u00e1rios \u00e9 aplicado integralmente para quem j\u00e1 recebia um benef\u00edcio do INSS em janeiro de 2017. Para benef\u00edcios concedidos a partir de fevereiro, o reajuste ser\u00e1 proporcional e ainda ser\u00e1 divulgado pela Previd\u00eancia. Pens\u00f5es e aux\u00edlios acima do piso tamb\u00e9m ser\u00e3o reajustados em 2,07%.<\/p>\n<p>Mais uma vez, o Instituto Brasileiro de Geografia e Estat\u00edstica (IBGE) foi o menor que o previsto pelo Minist\u00e9rio da Fazenda no fim do ano passado, de 1,88%.<\/p>\n<p>Diferente do IPCA, o \u00edndice das aposentadorias mede a varia\u00e7\u00e3o de pre\u00e7os para fam\u00edlias com renda de at\u00e9 R$4.685.&nbsp;O reajuste altera os descontos nos sal\u00e1rios dos trabalhadores. Quem ganha acima do teto deve passar de um desconto de R$508,44 a R$621,04. A tabela oficial tamb\u00e9m ainda n\u00e3o saiu.<\/p>\n<p><img loading=\"lazy\" decoding=\"async\" class=\" size-full wp-image-89447\" src=\"http:\/\/diarioregionaljf.com.br\/wp-content\/uploads\/2018\/01\/diario-int-23052-1.jpg\" alt=\"tabela.jpg\" style=\"display: block; margin-left: auto; margin-right: auto;\" width=\"510\" height=\"450\" srcset=\"https:\/\/diarioregionaldigital.com.br\/wp-content\/uploads\/2018\/01\/diario-int-23052-1.jpg 510w, https:\/\/diarioregionaldigital.com.br\/wp-content\/uploads\/2018\/01\/diario-int-23052-1-300x265.jpg 300w, https:\/\/diarioregionaldigital.com.br\/wp-content\/uploads\/2018\/01\/diario-int-23052-1-360x318.jpg 360w\" sizes=\"auto, (max-width: 510px) 100vw, 510px\" \/><\/p>\n<hr \/>\n<p>Fonte: Da reda\u00e7\u00e3o\/Colabora\u00e7\u00e3o<\/p>\n","protected":false},"excerpt":{"rendered":"<p>Os segurados que recebem um benef\u00edcio do Instituto Nacional do Seguro Social (INSS) acima do sal\u00e1rio m\u00ednimo j\u00e1 conseguem calcular quanto ganharam com o reajuste deste ano. A partir do pagamento depositado em fevereiro, eles ter\u00e3o um aumento de 2,07%, percentual correspondente ao \u00cdndice Nacional de Pre\u00e7os ao Consumidor (INPC) acumulado de janeiro a dezembro [&hellip;]<\/p>\n","protected":false},"author":96,"featured_media":89446,"comment_status":"closed","ping_status":"closed","sticky":false,"template":"","format":"standard","meta":{"footnotes":""},"categories":[261],"tags":[],"class_list":["post-89448","post","type-post","status-publish","format-standard","has-post-thumbnail","hentry","category-economia"],"_links":{"self":[{"href":"https:\/\/diarioregionaldigital.com.br\/index.php?rest_route=\/wp\/v2\/posts\/89448","targetHints":{"allow":["GET"]}}],"collection":[{"href":"https:\/\/diarioregionaldigital.com.br\/index.php?rest_route=\/wp\/v2\/posts"}],"about":[{"href":"https:\/\/diarioregionaldigital.com.br\/index.php?rest_route=\/wp\/v2\/types\/post"}],"author":[{"embeddable":true,"href":"https:\/\/diarioregionaldigital.com.br\/index.php?rest_route=\/wp\/v2\/users\/96"}],"replies":[{"embeddable":true,"href":"https:\/\/diarioregionaldigital.com.br\/index.php?rest_route=%2Fwp%2Fv2%2Fcomments&post=89448"}],"version-history":[{"count":0,"href":"https:\/\/diarioregionaldigital.com.br\/index.php?rest_route=\/wp\/v2\/posts\/89448\/revisions"}],"wp:featuredmedia":[{"embeddable":true,"href":"https:\/\/diarioregionaldigital.com.br\/index.php?rest_route=\/wp\/v2\/media\/89446"}],"wp:attachment":[{"href":"https:\/\/diarioregionaldigital.com.br\/index.php?rest_route=%2Fwp%2Fv2%2Fmedia&parent=89448"}],"wp:term":[{"taxonomy":"category","embeddable":true,"href":"https:\/\/diarioregionaldigital.com.br\/index.php?rest_route=%2Fwp%2Fv2%2Fcategories&post=89448"},{"taxonomy":"post_tag","embeddable":true,"href":"https:\/\/diarioregionaldigital.com.br\/index.php?rest_route=%2Fwp%2Fv2%2Ftags&post=89448"}],"curies":[{"name":"wp","href":"https:\/\/api.w.org\/{rel}","templated":true}]}}