{"id":89445,"date":"2018-01-12T18:36:48","date_gmt":"2018-01-12T20:36:48","guid":{"rendered":"http:\/\/diarioregionaljf.com.br\/2018\/01\/12\/policia-militar-apreende-arma-e-drogas-durante-operacao-em-galileia\/"},"modified":"2018-01-12T18:36:48","modified_gmt":"2018-01-12T20:36:48","slug":"policia-militar-apreende-arma-e-drogas-durante-operacao-em-galileia","status":"publish","type":"post","link":"https:\/\/diarioregionaldigital.com.br\/?p=89445","title":{"rendered":"Pol\u00edcia Militar apreende arma e drogas durante opera\u00e7\u00e3o em Galil\u00e9ia"},"content":{"rendered":"<p>Em cumprimento a mandados de busca e apreens\u00e3o, voltados ao combate ao tr\u00e1fico de drogas na localidade denominada &#8220;Canto da Horta\u201d, em Galili\u00e9ia (a cerca de 557 Km de Juiz de Fora), foi mobilizado um efetivo de 13 Policiais Militares do munic\u00edpios e das cidades de Divino das Laranjeiras e S\u00e3o Geraldo do Baixio. Uma equipe da ROCCA (Rondas Ostensivas com C\u00e3es) tamb\u00e9m participou da a\u00e7\u00e3o, durante a qual foram cumpridos quatro mandados de busca e apreens\u00e3o.<\/p>\n<p>Em uma das resid\u00eancias foi localizada uma balan\u00e7a, a quantia de R$510; 13 buchas e dois tabletes de maconha, 20 pedras de Crack e um rev\u00f3lver cal. 38 com 13 muni\u00e7\u00f5es.<\/p>\n<p>Prosseguindo, os militares realizaram buscas em um pasto onde havia den\u00fancias de que o autor escondia drogas, sendo localizado, enterrados, 133 buchas e um tablete m\u00e9dio de maconha e diversos inv\u00f3lucros para embalar entorpecentes.<\/p>\n<p>Destaca-se que o emprego do c\u00e3o de faro foi essencial para localizar as drogas, que encontravam-se enterradas e escondidas em fundo &#8220;falso&#8221; de m\u00f3veis. O autor, de 26 anos, foi preso por tr\u00e1fico de drogas e posse irregular de arma de fogo, sendo encaminhado para a Delegacia de Plant\u00e3o de Governador Valadares juntamente com os materiais apreendidos.<\/p>\n<p>&nbsp;<\/p>\n<p>Fonte: Assessoria<\/p>\n","protected":false},"excerpt":{"rendered":"<p>Em cumprimento a mandados de busca e apreens\u00e3o, voltados ao combate ao tr\u00e1fico de drogas na localidade denominada &#8220;Canto da Horta\u201d, em Galili\u00e9ia (a cerca de 557 Km de Juiz de Fora), foi mobilizado um efetivo de 13 Policiais Militares do munic\u00edpios e das cidades de Divino das Laranjeiras e S\u00e3o Geraldo do Baixio. Uma [&hellip;]<\/p>\n","protected":false},"author":96,"featured_media":89444,"comment_status":"closed","ping_status":"closed","sticky":false,"template":"","format":"standard","meta":{"footnotes":""},"categories":[252],"tags":[],"class_list":["post-89445","post","type-post","status-publish","format-standard","has-post-thumbnail","hentry","category-regiao"],"_links":{"self":[{"href":"https:\/\/diarioregionaldigital.com.br\/index.php?rest_route=\/wp\/v2\/posts\/89445","targetHints":{"allow":["GET"]}}],"collection":[{"href":"https:\/\/diarioregionaldigital.com.br\/index.php?rest_route=\/wp\/v2\/posts"}],"about":[{"href":"https:\/\/diarioregionaldigital.com.br\/index.php?rest_route=\/wp\/v2\/types\/post"}],"author":[{"embeddable":true,"href":"https:\/\/diarioregionaldigital.com.br\/index.php?rest_route=\/wp\/v2\/users\/96"}],"replies":[{"embeddable":true,"href":"https:\/\/diarioregionaldigital.com.br\/index.php?rest_route=%2Fwp%2Fv2%2Fcomments&post=89445"}],"version-history":[{"count":0,"href":"https:\/\/diarioregionaldigital.com.br\/index.php?rest_route=\/wp\/v2\/posts\/89445\/revisions"}],"wp:featuredmedia":[{"embeddable":true,"href":"https:\/\/diarioregionaldigital.com.br\/index.php?rest_route=\/wp\/v2\/media\/89444"}],"wp:attachment":[{"href":"https:\/\/diarioregionaldigital.com.br\/index.php?rest_route=%2Fwp%2Fv2%2Fmedia&parent=89445"}],"wp:term":[{"taxonomy":"category","embeddable":true,"href":"https:\/\/diarioregionaldigital.com.br\/index.php?rest_route=%2Fwp%2Fv2%2Fcategories&post=89445"},{"taxonomy":"post_tag","embeddable":true,"href":"https:\/\/diarioregionaldigital.com.br\/index.php?rest_route=%2Fwp%2Fv2%2Ftags&post=89445"}],"curies":[{"name":"wp","href":"https:\/\/api.w.org\/{rel}","templated":true}]}}