{"id":89443,"date":"2018-01-12T18:36:01","date_gmt":"2018-01-12T20:36:01","guid":{"rendered":"http:\/\/diarioregionaljf.com.br\/2018\/01\/12\/bndes-pretende-devolver-r-130-bilhoes-ao-tesouro-nacional-em-2018-diz-diretor\/"},"modified":"2018-01-12T18:36:01","modified_gmt":"2018-01-12T20:36:01","slug":"bndes-pretende-devolver-r-130-bilhoes-ao-tesouro-nacional-em-2018-diz-diretor","status":"publish","type":"post","link":"https:\/\/diarioregionaldigital.com.br\/?p=89443","title":{"rendered":"BNDES pretende devolver R$130 bilh\u00f5es ao Tesouro Nacional em 2018, diz diretor"},"content":{"rendered":"<p>O diretor de planejamento do Banco Nacional de Desenvolvimento Econ\u00f4mico e Social (BNDES), Carlos da Costa, afirmou que a institui\u00e7\u00e3o financeira est\u00e1 trabalhando para devolver em 2018 ao Tesouro Nacional os R$130 bilh\u00f5es esperados pelo Banco Central. Ele disse, no entanto, que ainda n\u00e3o h\u00e1 data para a devolu\u00e7\u00e3o e que a mesma pode ocorrer de forma fracionada. As declara\u00e7\u00f5es foram dadas durante apresenta\u00e7\u00e3o das novas pol\u00edticas operacionais do BNDES.<\/p>\n<p>Entre 2008 e 2014, o BNDES recebeu da Uni\u00e3o empr\u00e9stimos que totalizam cerca de R$532 bilh\u00f5es. Em 2016, houve uma devolu\u00e7\u00e3o superior a R$100 bilh\u00f5es e, no ano passado, de cerca de R$50 bilh\u00f5es. Para 2018, foi pedido mais R$130 bilh\u00f5es. O Banco Central projeta que, se n\u00e3o houver esta devolu\u00e7\u00e3o, a d\u00edvida do setor p\u00fablico pode chegar a perto de 80% do Produto Interno Bruto (PIB).<\/p>\n<p>&#8220;Estamos melhorando o nosso pa\u00eds e para isso precisamos de um equil\u00edbrio sustent\u00e1vel das contas p\u00fablicas. N\u00e3o h\u00e1 pa\u00eds que cres\u00e7a e se desenvolva com as contas desequilibradas. Isso n\u00e3o \u00e9 suficiente, porque tem pa\u00eds muito pobre com as contas p\u00fablicas equilibradas, mas \u00e9 necess\u00e1rio. Ent\u00e3o trabalhamos juntos com o governo. E estamos trabalhando para chegar aos R$130 bilh\u00f5es de devolu\u00e7\u00e3o&#8221;, disse.<\/p>\n<p>Carlos da Costa afirmou que o valor \u00e9 compat\u00edvel com as proje\u00e7\u00f5es do banco. No entanto, destacou que se houver novo pedido no futuro, poder\u00e1 haver dificuldades. &#8220;N\u00e3o temos gest\u00e3o sobre as demandas do Tesouro. N\u00e3o podemos dizer que vamos devolver os R$130 bilh\u00f5es e que tamb\u00e9m atenderemos o que mais o governo federal nos pedir. N\u00e3o podemos falar isso porque seria irrespons\u00e1vel&#8221;.<\/p>\n<h4>D\u00edvida bruta<\/h4>\n<p>De 2008 a 2014, o Tesouro Nacional aportou cerca de R$ 500 bilh\u00f5es em t\u00edtulos p\u00fablicos ao BNDES para ampliar a capacidade do banco de emprestar recursos para sustentar o investimento e estimular a economia. O Tesouro emitiu t\u00edtulos p\u00fablicos ao banco, que vendia os pap\u00e9is no mercado para ampliar o capital e poder emprestar mais recursos.<\/p>\n<p>Os aportes do Tesouro ao BNDES n\u00e3o tiveram impacto sobre a d\u00edvida l\u00edquida do governo (diferen\u00e7a entre o que o governo deve e o que tem a receber), isso porque o que o BNDES devia ao Tesouro era anulado pelo que o Tesouro tinha direito a receber. As transa\u00e7\u00f5es, no entanto, ampliaram a d\u00edvida bruta nos \u00faltimos anos.<\/p>\n<hr \/>\n<p>&nbsp;Fonte: Ag\u00eancia Brasil<\/p>\n","protected":false},"excerpt":{"rendered":"<p>O diretor de planejamento do Banco Nacional de Desenvolvimento Econ\u00f4mico e Social (BNDES), Carlos da Costa, afirmou que a institui\u00e7\u00e3o financeira est\u00e1 trabalhando para devolver em 2018 ao Tesouro Nacional os R$130 bilh\u00f5es esperados pelo Banco Central. Ele disse, no entanto, que ainda n\u00e3o h\u00e1 data para a devolu\u00e7\u00e3o e que a mesma pode ocorrer [&hellip;]<\/p>\n","protected":false},"author":96,"featured_media":89442,"comment_status":"closed","ping_status":"closed","sticky":false,"template":"","format":"standard","meta":{"footnotes":""},"categories":[261],"tags":[],"class_list":["post-89443","post","type-post","status-publish","format-standard","has-post-thumbnail","hentry","category-economia"],"_links":{"self":[{"href":"https:\/\/diarioregionaldigital.com.br\/index.php?rest_route=\/wp\/v2\/posts\/89443","targetHints":{"allow":["GET"]}}],"collection":[{"href":"https:\/\/diarioregionaldigital.com.br\/index.php?rest_route=\/wp\/v2\/posts"}],"about":[{"href":"https:\/\/diarioregionaldigital.com.br\/index.php?rest_route=\/wp\/v2\/types\/post"}],"author":[{"embeddable":true,"href":"https:\/\/diarioregionaldigital.com.br\/index.php?rest_route=\/wp\/v2\/users\/96"}],"replies":[{"embeddable":true,"href":"https:\/\/diarioregionaldigital.com.br\/index.php?rest_route=%2Fwp%2Fv2%2Fcomments&post=89443"}],"version-history":[{"count":0,"href":"https:\/\/diarioregionaldigital.com.br\/index.php?rest_route=\/wp\/v2\/posts\/89443\/revisions"}],"wp:featuredmedia":[{"embeddable":true,"href":"https:\/\/diarioregionaldigital.com.br\/index.php?rest_route=\/wp\/v2\/media\/89442"}],"wp:attachment":[{"href":"https:\/\/diarioregionaldigital.com.br\/index.php?rest_route=%2Fwp%2Fv2%2Fmedia&parent=89443"}],"wp:term":[{"taxonomy":"category","embeddable":true,"href":"https:\/\/diarioregionaldigital.com.br\/index.php?rest_route=%2Fwp%2Fv2%2Fcategories&post=89443"},{"taxonomy":"post_tag","embeddable":true,"href":"https:\/\/diarioregionaldigital.com.br\/index.php?rest_route=%2Fwp%2Fv2%2Ftags&post=89443"}],"curies":[{"name":"wp","href":"https:\/\/api.w.org\/{rel}","templated":true}]}}