{"id":89441,"date":"2018-01-12T18:36:00","date_gmt":"2018-01-12T20:36:00","guid":{"rendered":"http:\/\/diarioregionaljf.com.br\/2018\/01\/12\/vereador-encaminha-representacao-ao-governador-de-minas-solicitando-melhorias-para-diretores-de-escolas-estaduais\/"},"modified":"2018-01-12T18:36:00","modified_gmt":"2018-01-12T20:36:00","slug":"vereador-encaminha-representacao-ao-governador-de-minas-solicitando-melhorias-para-diretores-de-escolas-estaduais","status":"publish","type":"post","link":"https:\/\/diarioregionaldigital.com.br\/?p=89441","title":{"rendered":"Vereador encaminha representa\u00e7\u00e3o ao governador de Minas solicitando melhorias para diretores de escolas estaduais"},"content":{"rendered":"<p>O vereador Roberto Cupolillo (Bet\u00e3o-PT) atendeu ao pedido dos funcion\u00e1rios p\u00fablicos do setor de educa\u00e7\u00e3o do Estado de Minas Gerais e encaminhou nessa sexta-feira, 12, uma representa\u00e7\u00e3o direcionada ao governador, Fernando Pimentel (PT), solicitando aten\u00e7\u00e3o especial \u00e0s reivindica\u00e7\u00f5es da categoria destes profissionais que se dedicam a forma\u00e7\u00e3o e melhoria da qualidade de vida dos cidad\u00e3os.<\/p>\n<p>Na representa\u00e7\u00e3o, o parlamentar evidencia que, por meio de uma norma legislativa, os diretores das escolas estaduais n\u00e3o possuem mais o direito ao apostilamento, ou seja, n\u00e3o conseguem aposentar com o sal\u00e1rio do cargo efetivo ap\u00f3s anos de dedica\u00e7\u00e3o exclusiva como o cargo exige e sem nenhuma gratifica\u00e7\u00e3o.<\/p>\n<p>O autor ainda identifica que o trabalho de muitos educadores envolve responsabilidade, dedica\u00e7\u00e3o pedag\u00f3gica, al\u00e9m da busca incessante em superar e elevar o \u00edndice do Ideb da escola. \u201cContamos com a sensibilidade desta gest\u00e3o no sentido de repensar e reavaliar a situa\u00e7\u00e3o dos profissionais que assumem a dire\u00e7\u00e3o das escolas estaduais de Minas Gerais\u201d, concluiu.<\/p>\n<p>Fonte: Assessoria<\/p>\n","protected":false},"excerpt":{"rendered":"<p>O vereador Roberto Cupolillo (Bet\u00e3o-PT) atendeu ao pedido dos funcion\u00e1rios p\u00fablicos do setor de educa\u00e7\u00e3o do Estado de Minas Gerais e encaminhou nessa sexta-feira, 12, uma representa\u00e7\u00e3o direcionada ao governador, Fernando Pimentel (PT), solicitando aten\u00e7\u00e3o especial \u00e0s reivindica\u00e7\u00f5es da categoria destes profissionais que se dedicam a forma\u00e7\u00e3o e melhoria da qualidade de vida dos cidad\u00e3os. [&hellip;]<\/p>\n","protected":false},"author":96,"featured_media":89440,"comment_status":"closed","ping_status":"closed","sticky":false,"template":"","format":"standard","meta":{"footnotes":""},"categories":[254],"tags":[],"class_list":["post-89441","post","type-post","status-publish","format-standard","has-post-thumbnail","hentry","category-politica"],"_links":{"self":[{"href":"https:\/\/diarioregionaldigital.com.br\/index.php?rest_route=\/wp\/v2\/posts\/89441","targetHints":{"allow":["GET"]}}],"collection":[{"href":"https:\/\/diarioregionaldigital.com.br\/index.php?rest_route=\/wp\/v2\/posts"}],"about":[{"href":"https:\/\/diarioregionaldigital.com.br\/index.php?rest_route=\/wp\/v2\/types\/post"}],"author":[{"embeddable":true,"href":"https:\/\/diarioregionaldigital.com.br\/index.php?rest_route=\/wp\/v2\/users\/96"}],"replies":[{"embeddable":true,"href":"https:\/\/diarioregionaldigital.com.br\/index.php?rest_route=%2Fwp%2Fv2%2Fcomments&post=89441"}],"version-history":[{"count":0,"href":"https:\/\/diarioregionaldigital.com.br\/index.php?rest_route=\/wp\/v2\/posts\/89441\/revisions"}],"wp:featuredmedia":[{"embeddable":true,"href":"https:\/\/diarioregionaldigital.com.br\/index.php?rest_route=\/wp\/v2\/media\/89440"}],"wp:attachment":[{"href":"https:\/\/diarioregionaldigital.com.br\/index.php?rest_route=%2Fwp%2Fv2%2Fmedia&parent=89441"}],"wp:term":[{"taxonomy":"category","embeddable":true,"href":"https:\/\/diarioregionaldigital.com.br\/index.php?rest_route=%2Fwp%2Fv2%2Fcategories&post=89441"},{"taxonomy":"post_tag","embeddable":true,"href":"https:\/\/diarioregionaldigital.com.br\/index.php?rest_route=%2Fwp%2Fv2%2Ftags&post=89441"}],"curies":[{"name":"wp","href":"https:\/\/api.w.org\/{rel}","templated":true}]}}