{"id":89439,"date":"2018-01-12T18:33:49","date_gmt":"2018-01-12T20:33:49","guid":{"rendered":"http:\/\/diarioregionaljf.com.br\/2018\/01\/12\/empresa-alema-assume-aeroporto-de-fortaleza\/"},"modified":"2018-01-12T18:33:49","modified_gmt":"2018-01-12T20:33:49","slug":"empresa-alema-assume-aeroporto-de-fortaleza","status":"publish","type":"post","link":"https:\/\/diarioregionaldigital.com.br\/?p=89439","title":{"rendered":"Empresa alem\u00e3 assume aeroporto de Fortaleza"},"content":{"rendered":"<p>Uma das vencedoras do leil\u00e3o de concess\u00e3o de terminais realizado em mar\u00e7o de 2017, uma empresa da Alemanha assumiu o Aeroporto Internacional Pinto Martins, em Fortaleza.<\/p>\n<p>A Fraport j\u00e1 imprime sua marca no terminal cearense, onde a nova identidade visual j\u00e1 est\u00e1 nos pain\u00e9is de informa\u00e7\u00e3o desde o dia 2 deste m\u00eas, quando a empresa recebeu simbolicamente as chaves do aeroporto.<\/p>\n<p>A nova gest\u00e3o ser\u00e1 feita em conjunto com a Empresa Brasileira de Infraestrutura Aeroportu\u00e1ria (Infraero) pelos pr\u00f3ximos 3 meses e o contrato de concess\u00e3o \u00e9 de 30 anos. Os termos do contrato obrigam a companhia alem\u00e3 a desenvolver a infraestrutura do local.<\/p>\n<p>Segundo ela informou, est\u00e3o previstas, entre outras interven\u00e7\u00f5es, a expans\u00e3o do terminal e o aumento das pistas de pouso e decolagem. Para este primeiro trimestre, o terminal dever\u00e1 ter melhorias no ar-condicionado, ilumina\u00e7\u00e3o, sinaliza\u00e7\u00e3o e no sinal de internet sem fio.<\/p>\n<p>O terminal tamb\u00e9m j\u00e1 conta com um novo site com informa\u00e7\u00f5es sobre voos e servi\u00e7os. Os investimentos devem somar R$ 600 milh\u00f5es e a expectativa \u00e9 de que a movimenta\u00e7\u00e3o de passageiros cres\u00e7a 5% ao ano.<\/p>\n<h4>Voos internacionais<\/h4>\n<p>O in\u00edcio da opera\u00e7\u00e3o do centro de conex\u00f5es da Air-France\/KLM, em maio, ser\u00e1 respons\u00e1vel por parte do aumento do fluxo de passageiros.<\/p>\n<p>O aeroporto ter\u00e1 cinco novos voos internacionais, ligando Fortaleza a Amsterd\u00e3, na Holanda, e a Paris, na Fran\u00e7a. Tamb\u00e9m ser\u00e1 feito o refor\u00e7o de destinos nacionais operados pela companhia a\u00e9rea Gol.<\/p>\n<hr \/>\n<p>&nbsp;Fonte: Ag\u00eancia Brasil<\/p>\n","protected":false},"excerpt":{"rendered":"<p>Uma das vencedoras do leil\u00e3o de concess\u00e3o de terminais realizado em mar\u00e7o de 2017, uma empresa da Alemanha assumiu o Aeroporto Internacional Pinto Martins, em Fortaleza. A Fraport j\u00e1 imprime sua marca no terminal cearense, onde a nova identidade visual j\u00e1 est\u00e1 nos pain\u00e9is de informa\u00e7\u00e3o desde o dia 2 deste m\u00eas, quando a empresa [&hellip;]<\/p>\n","protected":false},"author":96,"featured_media":89438,"comment_status":"closed","ping_status":"closed","sticky":false,"template":"","format":"standard","meta":{"footnotes":""},"categories":[261],"tags":[],"class_list":["post-89439","post","type-post","status-publish","format-standard","has-post-thumbnail","hentry","category-economia"],"_links":{"self":[{"href":"https:\/\/diarioregionaldigital.com.br\/index.php?rest_route=\/wp\/v2\/posts\/89439","targetHints":{"allow":["GET"]}}],"collection":[{"href":"https:\/\/diarioregionaldigital.com.br\/index.php?rest_route=\/wp\/v2\/posts"}],"about":[{"href":"https:\/\/diarioregionaldigital.com.br\/index.php?rest_route=\/wp\/v2\/types\/post"}],"author":[{"embeddable":true,"href":"https:\/\/diarioregionaldigital.com.br\/index.php?rest_route=\/wp\/v2\/users\/96"}],"replies":[{"embeddable":true,"href":"https:\/\/diarioregionaldigital.com.br\/index.php?rest_route=%2Fwp%2Fv2%2Fcomments&post=89439"}],"version-history":[{"count":0,"href":"https:\/\/diarioregionaldigital.com.br\/index.php?rest_route=\/wp\/v2\/posts\/89439\/revisions"}],"wp:featuredmedia":[{"embeddable":true,"href":"https:\/\/diarioregionaldigital.com.br\/index.php?rest_route=\/wp\/v2\/media\/89438"}],"wp:attachment":[{"href":"https:\/\/diarioregionaldigital.com.br\/index.php?rest_route=%2Fwp%2Fv2%2Fmedia&parent=89439"}],"wp:term":[{"taxonomy":"category","embeddable":true,"href":"https:\/\/diarioregionaldigital.com.br\/index.php?rest_route=%2Fwp%2Fv2%2Fcategories&post=89439"},{"taxonomy":"post_tag","embeddable":true,"href":"https:\/\/diarioregionaldigital.com.br\/index.php?rest_route=%2Fwp%2Fv2%2Ftags&post=89439"}],"curies":[{"name":"wp","href":"https:\/\/api.w.org\/{rel}","templated":true}]}}