{"id":89437,"date":"2018-01-12T18:30:50","date_gmt":"2018-01-12T20:30:50","guid":{"rendered":"http:\/\/diarioregionaljf.com.br\/2018\/01\/12\/volume-de-servicos-no-pais-cresce-1-de-outubro-para-novembro-de-2017\/"},"modified":"2018-01-12T18:30:50","modified_gmt":"2018-01-12T20:30:50","slug":"volume-de-servicos-no-pais-cresce-1-de-outubro-para-novembro-de-2017","status":"publish","type":"post","link":"https:\/\/diarioregionaldigital.com.br\/?p=89437","title":{"rendered":"Volume de servi\u00e7os no pa\u00eds cresce 1% de outubro para novembro de 2017"},"content":{"rendered":"<p>O volume do setor de servi\u00e7os cresceu 1% no pa\u00eds de outubro para novembro de 2017, segundo dados da Pesquisa Mensal de Servi\u00e7os, divulgada hoje, 12, no Rio de Janeiro, pelo Instituto Brasileiro de Geografia e Estat\u00edstica (IBGE). A alta veio depois de duas quedas do setor: de 0,8% em outubro e de 0,1% em setembro.<\/p>\n<p>Nos outros tipos de compara\u00e7\u00e3o temporal, os servi\u00e7os tiveram quedas de 0,7% na compara\u00e7\u00e3o com novembro de 2016, de 3,2% no acumulado do ano e de 3,4% no acumulado de 12 meses.<\/p>\n<p>Cinco dos seis segmentos de servi\u00e7os pesquisados pelo IBGE tiveram aumento de outubro para novembro. Tr\u00eas deles acusaram alta de 0,9%: servi\u00e7os prestados \u00e0s fam\u00edlias, servi\u00e7os de informa\u00e7\u00e3o\/comunica\u00e7\u00e3o e as atividades tur\u00edsticas.<\/p>\n<h4>Transportes e correios t\u00eam alta de 0,6%<\/h4>\n<p>Os servi\u00e7os de transportes e correios tiveram alta de 0,6% e os servi\u00e7os profissionais, administrativos e complementares, de 0,2%. J\u00e1 os outros servi\u00e7os mantiveram, em novembro, o mesmo volume de outubro.<\/p>\n<p>A receita nominal do setor de servi\u00e7os teve alta nos quatro tipos de compara\u00e7\u00e3o temporal: 1,2% de outubro para novembro, 4,3% na compara\u00e7\u00e3o com novembro de 2016, 2,3% no acumulado do ano e 1,9% no acumulado de 12 meses.<\/p>\n<hr \/>\n<p>&nbsp;Fonte: Ag\u00eancia Brasil<\/p>\n","protected":false},"excerpt":{"rendered":"<p>O volume do setor de servi\u00e7os cresceu 1% no pa\u00eds de outubro para novembro de 2017, segundo dados da Pesquisa Mensal de Servi\u00e7os, divulgada hoje, 12, no Rio de Janeiro, pelo Instituto Brasileiro de Geografia e Estat\u00edstica (IBGE). A alta veio depois de duas quedas do setor: de 0,8% em outubro e de 0,1% em [&hellip;]<\/p>\n","protected":false},"author":96,"featured_media":89436,"comment_status":"closed","ping_status":"closed","sticky":false,"template":"","format":"standard","meta":{"footnotes":""},"categories":[261],"tags":[],"class_list":["post-89437","post","type-post","status-publish","format-standard","has-post-thumbnail","hentry","category-economia"],"_links":{"self":[{"href":"https:\/\/diarioregionaldigital.com.br\/index.php?rest_route=\/wp\/v2\/posts\/89437","targetHints":{"allow":["GET"]}}],"collection":[{"href":"https:\/\/diarioregionaldigital.com.br\/index.php?rest_route=\/wp\/v2\/posts"}],"about":[{"href":"https:\/\/diarioregionaldigital.com.br\/index.php?rest_route=\/wp\/v2\/types\/post"}],"author":[{"embeddable":true,"href":"https:\/\/diarioregionaldigital.com.br\/index.php?rest_route=\/wp\/v2\/users\/96"}],"replies":[{"embeddable":true,"href":"https:\/\/diarioregionaldigital.com.br\/index.php?rest_route=%2Fwp%2Fv2%2Fcomments&post=89437"}],"version-history":[{"count":0,"href":"https:\/\/diarioregionaldigital.com.br\/index.php?rest_route=\/wp\/v2\/posts\/89437\/revisions"}],"wp:featuredmedia":[{"embeddable":true,"href":"https:\/\/diarioregionaldigital.com.br\/index.php?rest_route=\/wp\/v2\/media\/89436"}],"wp:attachment":[{"href":"https:\/\/diarioregionaldigital.com.br\/index.php?rest_route=%2Fwp%2Fv2%2Fmedia&parent=89437"}],"wp:term":[{"taxonomy":"category","embeddable":true,"href":"https:\/\/diarioregionaldigital.com.br\/index.php?rest_route=%2Fwp%2Fv2%2Fcategories&post=89437"},{"taxonomy":"post_tag","embeddable":true,"href":"https:\/\/diarioregionaldigital.com.br\/index.php?rest_route=%2Fwp%2Fv2%2Ftags&post=89437"}],"curies":[{"name":"wp","href":"https:\/\/api.w.org\/{rel}","templated":true}]}}