{"id":89435,"date":"2018-01-12T18:27:43","date_gmt":"2018-01-12T20:27:43","guid":{"rendered":"http:\/\/diarioregionaljf.com.br\/2018\/01\/12\/apos-rebaixamento-fazenda-reforca-compromisso-com-ajuste-fiscal-e-reformas\/"},"modified":"2018-01-12T18:27:43","modified_gmt":"2018-01-12T20:27:43","slug":"apos-rebaixamento-fazenda-reforca-compromisso-com-ajuste-fiscal-e-reformas","status":"publish","type":"post","link":"https:\/\/diarioregionaldigital.com.br\/?p=89435","title":{"rendered":"Ap\u00f3s rebaixamento, Fazenda refor\u00e7a compromisso com ajuste fiscal e reformas"},"content":{"rendered":"<p>Ap\u00f3s a decis\u00e3o da Standard &amp; Poor\u2019s de rebaixar a nota da d\u00edvida p\u00fablica brasileira, o Minist\u00e9rio da Fazenda pediu o engajamento do Congresso na aprova\u00e7\u00e3o das reformas estruturais. Em nota, a pasta informou que o governo est\u00e1 comprometido com o ajuste fiscal.<\/p>\n<p>\u201cO governo refor\u00e7a seu compromisso em aprovar medidas como a reforma da Previd\u00eancia, tributa\u00e7\u00e3o de fundos exclusivos, reonera\u00e7\u00e3o da folha de pagamentos, adiamento do reajuste dos servidores p\u00fablicos, entre outras iniciativas que concorrem para garantir o crescimento sustent\u00e1vel da economia brasileira e o equil\u00edbrio fiscal de longo prazo\u201d, destacou o texto.<\/p>\n<p>O Minist\u00e9rio da Fazenda pediu ainda empenho dos parlamentares para aprova\u00e7\u00e3o das medidas. \u201cSempre contamos com o apoio e com a aprova\u00e7\u00e3o das medidas necess\u00e1rias para o pa\u00eds pelo Congresso Nacional e temos certeza que o mesmo continuar\u00e1 a trabalhar em favor das reformas e do ajuste fiscal fundamentais para o Brasil\u201d.<\/p>\n<p>No comunicado, o Minist\u00e9rio da Fazenda ressaltou que uma melhoria na classifica\u00e7\u00e3o do Brasil s\u00f3 ser\u00e1 poss\u00edvel por meio da aprova\u00e7\u00e3o das medidas fiscais propostas e destacou que a S&amp;P reconhece esfor\u00e7os recentes do governo para melhorar as contas p\u00fablicas e melhorar a produtividade do pa\u00eds.<\/p>\n<p>Entre as medidas citadas pela Fazenda est\u00e3o o teto de gastos p\u00fablicos, a reforma trabalhista, o programa de recupera\u00e7\u00e3o fiscal dos estados, a reabertura do setor de \u00f3leo e g\u00e1s, a reformula\u00e7\u00e3o das pol\u00edticas de cr\u00e9dito do Banco Nacional de Desenvolvimento Econ\u00f4mico e Social (BNDES) e a nova Taxa de Longo Prazo (TLP), que corrige os financiamentos do banco a partir deste ano.<\/p>\n<hr \/>\n<p>&nbsp;Fonte: Ag\u00eancia Brasil<\/p>\n","protected":false},"excerpt":{"rendered":"<p>Ap\u00f3s a decis\u00e3o da Standard &amp; Poor\u2019s de rebaixar a nota da d\u00edvida p\u00fablica brasileira, o Minist\u00e9rio da Fazenda pediu o engajamento do Congresso na aprova\u00e7\u00e3o das reformas estruturais. Em nota, a pasta informou que o governo est\u00e1 comprometido com o ajuste fiscal. \u201cO governo refor\u00e7a seu compromisso em aprovar medidas como a reforma da [&hellip;]<\/p>\n","protected":false},"author":96,"featured_media":89434,"comment_status":"closed","ping_status":"closed","sticky":false,"template":"","format":"standard","meta":{"footnotes":""},"categories":[261],"tags":[],"class_list":["post-89435","post","type-post","status-publish","format-standard","has-post-thumbnail","hentry","category-economia"],"_links":{"self":[{"href":"https:\/\/diarioregionaldigital.com.br\/index.php?rest_route=\/wp\/v2\/posts\/89435","targetHints":{"allow":["GET"]}}],"collection":[{"href":"https:\/\/diarioregionaldigital.com.br\/index.php?rest_route=\/wp\/v2\/posts"}],"about":[{"href":"https:\/\/diarioregionaldigital.com.br\/index.php?rest_route=\/wp\/v2\/types\/post"}],"author":[{"embeddable":true,"href":"https:\/\/diarioregionaldigital.com.br\/index.php?rest_route=\/wp\/v2\/users\/96"}],"replies":[{"embeddable":true,"href":"https:\/\/diarioregionaldigital.com.br\/index.php?rest_route=%2Fwp%2Fv2%2Fcomments&post=89435"}],"version-history":[{"count":0,"href":"https:\/\/diarioregionaldigital.com.br\/index.php?rest_route=\/wp\/v2\/posts\/89435\/revisions"}],"wp:featuredmedia":[{"embeddable":true,"href":"https:\/\/diarioregionaldigital.com.br\/index.php?rest_route=\/wp\/v2\/media\/89434"}],"wp:attachment":[{"href":"https:\/\/diarioregionaldigital.com.br\/index.php?rest_route=%2Fwp%2Fv2%2Fmedia&parent=89435"}],"wp:term":[{"taxonomy":"category","embeddable":true,"href":"https:\/\/diarioregionaldigital.com.br\/index.php?rest_route=%2Fwp%2Fv2%2Fcategories&post=89435"},{"taxonomy":"post_tag","embeddable":true,"href":"https:\/\/diarioregionaldigital.com.br\/index.php?rest_route=%2Fwp%2Fv2%2Ftags&post=89435"}],"curies":[{"name":"wp","href":"https:\/\/api.w.org\/{rel}","templated":true}]}}