{"id":89433,"date":"2018-01-12T18:20:07","date_gmt":"2018-01-12T20:20:07","guid":{"rendered":"http:\/\/diarioregionaljf.com.br\/2018\/01\/12\/policia-apreende-arma-e-motocicleta-usadas-em-tentativa-de-assalto-em-montes-claros\/"},"modified":"2018-01-12T18:20:07","modified_gmt":"2018-01-12T20:20:07","slug":"policia-apreende-arma-e-motocicleta-usadas-em-tentativa-de-assalto-em-montes-claros","status":"publish","type":"post","link":"https:\/\/diarioregionaldigital.com.br\/?p=89433","title":{"rendered":"Pol\u00edcia apreende arma e motocicleta usadas em tentativa de assalto em Montes Claros"},"content":{"rendered":"<p>A Pol\u00edcia Militar procura por um homem suspeito de tentar assaltar uma mulher nesta sexta-feira, 12, em Montes Claros (a cerca de 677 Km de Juiz de Fora), no Norte de Minas. De acordo com a PM, o homem estava em uma motocicleta quando tentou abordar uma mulher, no Bairro Morada do Sol, mas a v\u00edtima conseguiu fugir.<\/p>\n<p>O criminoso tamb\u00e9m fugiu, mas foi flagrado e perseguido por militares que patrulhavam a regi\u00e3o. Durante a persegui\u00e7\u00e3o o suspeito foi identificado. Ele jogou uma arma no ch\u00e3o, que foi apreendida em seguida pela pol\u00edcia. Os militares conseguiram ainda localizar a motocicleta usada no crime, no residencial Montes Claros, no Bairro S\u00e3o Geraldo II.<\/p>\n<p>A pol\u00edcia afirma que o homem \u00e9 suspeito de ser o autor de diversos crimes nos bairros Morada do Sol e Augusta Mota. Apesar de identificado, ele ainda n\u00e3o foi localizado.<\/p>\n<p>&nbsp;<\/p>\n<p>Fonte: Assessoria<\/p>\n","protected":false},"excerpt":{"rendered":"<p>A Pol\u00edcia Militar procura por um homem suspeito de tentar assaltar uma mulher nesta sexta-feira, 12, em Montes Claros (a cerca de 677 Km de Juiz de Fora), no Norte de Minas. De acordo com a PM, o homem estava em uma motocicleta quando tentou abordar uma mulher, no Bairro Morada do Sol, mas a [&hellip;]<\/p>\n","protected":false},"author":96,"featured_media":89432,"comment_status":"closed","ping_status":"closed","sticky":false,"template":"","format":"standard","meta":{"footnotes":""},"categories":[252],"tags":[],"class_list":["post-89433","post","type-post","status-publish","format-standard","has-post-thumbnail","hentry","category-regiao"],"_links":{"self":[{"href":"https:\/\/diarioregionaldigital.com.br\/index.php?rest_route=\/wp\/v2\/posts\/89433","targetHints":{"allow":["GET"]}}],"collection":[{"href":"https:\/\/diarioregionaldigital.com.br\/index.php?rest_route=\/wp\/v2\/posts"}],"about":[{"href":"https:\/\/diarioregionaldigital.com.br\/index.php?rest_route=\/wp\/v2\/types\/post"}],"author":[{"embeddable":true,"href":"https:\/\/diarioregionaldigital.com.br\/index.php?rest_route=\/wp\/v2\/users\/96"}],"replies":[{"embeddable":true,"href":"https:\/\/diarioregionaldigital.com.br\/index.php?rest_route=%2Fwp%2Fv2%2Fcomments&post=89433"}],"version-history":[{"count":0,"href":"https:\/\/diarioregionaldigital.com.br\/index.php?rest_route=\/wp\/v2\/posts\/89433\/revisions"}],"wp:featuredmedia":[{"embeddable":true,"href":"https:\/\/diarioregionaldigital.com.br\/index.php?rest_route=\/wp\/v2\/media\/89432"}],"wp:attachment":[{"href":"https:\/\/diarioregionaldigital.com.br\/index.php?rest_route=%2Fwp%2Fv2%2Fmedia&parent=89433"}],"wp:term":[{"taxonomy":"category","embeddable":true,"href":"https:\/\/diarioregionaldigital.com.br\/index.php?rest_route=%2Fwp%2Fv2%2Fcategories&post=89433"},{"taxonomy":"post_tag","embeddable":true,"href":"https:\/\/diarioregionaldigital.com.br\/index.php?rest_route=%2Fwp%2Fv2%2Ftags&post=89433"}],"curies":[{"name":"wp","href":"https:\/\/api.w.org\/{rel}","templated":true}]}}