{"id":89431,"date":"2018-01-12T18:11:40","date_gmt":"2018-01-12T20:11:40","guid":{"rendered":"http:\/\/diarioregionaljf.com.br\/2018\/01\/12\/tjmg-espera-ter-o-resultado-da-licitacao-do-novo-forum-de-juiz-de-fora-em-marco\/"},"modified":"2018-01-12T18:11:40","modified_gmt":"2018-01-12T20:11:40","slug":"tjmg-espera-ter-o-resultado-da-licitacao-do-novo-forum-de-juiz-de-fora-em-marco","status":"publish","type":"post","link":"https:\/\/diarioregionaldigital.com.br\/?p=89431","title":{"rendered":"TJMG espera ter o resultado da licita\u00e7\u00e3o do novo F\u00f3rum de Juiz de Fora em mar\u00e7o"},"content":{"rendered":"<p>A expectativa do Tribunal de Justi\u00e7a do Estado de Minas Gerais (TJMG) \u00e9 que a vencedora do processo de licita\u00e7\u00e3o para contratar a empreiteira respons\u00e1vel pela obra do novo F\u00f3rum da Comarca de Juiz de Fora seja definida na primeira quinzena de mar\u00e7o. O valor total m\u00e1ximo para a execu\u00e7\u00e3o da obra \u00e9 de R$82,46 milh\u00f5es. A empresa vencedora ter\u00e1 cerca de dois anos e nove meses para entregar o pr\u00e9dio pronto, ap\u00f3s assinatura do contrato.<\/p>\n<p>Conforme o TJMG, 40 empresas estavam interessadas no empreendimento, e destas, 31 est\u00e3o aptas e nove inabilitadas. O resultado, contudo, pode mudar porque o certame est\u00e1 na fase de finaliza\u00e7\u00e3o do julgamento de habilita\u00e7\u00e3o dos licitantes e, por isso, est\u00e3o abertos os prazos para recurso. \u201c\u00c9 o momento da escolha das empresas que ter\u00e3o as propostas de pre\u00e7o abertas, porque cumpriram a qualifica\u00e7\u00e3o t\u00e9cnica e atendem aos requisitos jur\u00eddicos. Nessa etapa, as empresas rejeitadas podem questionar a exclus\u00e3o\u201d, afirmou em nota o Tribunal.<\/p>\n<p>O novo F\u00f3rum ser\u00e1 constru\u00eddo no antigo Terreir\u00e3o do Samba, ao lado da Prefeitura de Juiz de Fora (PJF). O empreendimento ter\u00e1 mais de 21 mil metros quadrados de \u00e1rea constru\u00edda, divididos em sete pavimentos e, ainda, com 220 vagas de estacionamento.<\/p>\n","protected":false},"excerpt":{"rendered":"<p>A expectativa do Tribunal de Justi\u00e7a do Estado de Minas Gerais (TJMG) \u00e9 que a vencedora do processo de licita\u00e7\u00e3o para contratar a empreiteira respons\u00e1vel pela obra do novo F\u00f3rum da Comarca de Juiz de Fora seja definida na primeira quinzena de mar\u00e7o. O valor total m\u00e1ximo para a execu\u00e7\u00e3o da obra \u00e9 de R$82,46 [&hellip;]<\/p>\n","protected":false},"author":96,"featured_media":89430,"comment_status":"closed","ping_status":"closed","sticky":false,"template":"","format":"standard","meta":{"footnotes":""},"categories":[253],"tags":[],"class_list":["post-89431","post","type-post","status-publish","format-standard","has-post-thumbnail","hentry","category-cidade"],"_links":{"self":[{"href":"https:\/\/diarioregionaldigital.com.br\/index.php?rest_route=\/wp\/v2\/posts\/89431","targetHints":{"allow":["GET"]}}],"collection":[{"href":"https:\/\/diarioregionaldigital.com.br\/index.php?rest_route=\/wp\/v2\/posts"}],"about":[{"href":"https:\/\/diarioregionaldigital.com.br\/index.php?rest_route=\/wp\/v2\/types\/post"}],"author":[{"embeddable":true,"href":"https:\/\/diarioregionaldigital.com.br\/index.php?rest_route=\/wp\/v2\/users\/96"}],"replies":[{"embeddable":true,"href":"https:\/\/diarioregionaldigital.com.br\/index.php?rest_route=%2Fwp%2Fv2%2Fcomments&post=89431"}],"version-history":[{"count":0,"href":"https:\/\/diarioregionaldigital.com.br\/index.php?rest_route=\/wp\/v2\/posts\/89431\/revisions"}],"wp:featuredmedia":[{"embeddable":true,"href":"https:\/\/diarioregionaldigital.com.br\/index.php?rest_route=\/wp\/v2\/media\/89430"}],"wp:attachment":[{"href":"https:\/\/diarioregionaldigital.com.br\/index.php?rest_route=%2Fwp%2Fv2%2Fmedia&parent=89431"}],"wp:term":[{"taxonomy":"category","embeddable":true,"href":"https:\/\/diarioregionaldigital.com.br\/index.php?rest_route=%2Fwp%2Fv2%2Fcategories&post=89431"},{"taxonomy":"post_tag","embeddable":true,"href":"https:\/\/diarioregionaldigital.com.br\/index.php?rest_route=%2Fwp%2Fv2%2Ftags&post=89431"}],"curies":[{"name":"wp","href":"https:\/\/api.w.org\/{rel}","templated":true}]}}