{"id":89427,"date":"2018-01-12T17:54:38","date_gmt":"2018-01-12T19:54:38","guid":{"rendered":"http:\/\/diarioregionaljf.com.br\/2018\/01\/12\/arte-e-emocao\/"},"modified":"2018-04-16T08:04:57","modified_gmt":"2018-04-16T11:04:57","slug":"arte-e-emocao","status":"publish","type":"post","link":"https:\/\/diarioregionaldigital.com.br\/?p=89427","title":{"rendered":"Arte e Emo\u00e7\u00e3o"},"content":{"rendered":"<p>Segundo o escritor israelense Yuval Noah Harari, muito elogiado no mundo todo, sobretudo depois do sucesso do seu livro \u201cSapiens\u201d, h\u00e1 100 mil anos pelo menos seis esp\u00e9cies de humanos habitavam a Terra. Hoje, existe um \u00fanico: n\u00f3s, os Homo sapiens. No mundo moderno, a arte normalmente \u00e9 associada \u00e0s emo\u00e7\u00f5es humanas. Hoje, com a exist\u00eancia do procedimento computacional \u00e9 poss\u00edvel hackear o amor, o \u00f3dio, o t\u00e9dio e a alegria. Quem poderia pensar nisso h\u00e1 50 ou 60 anos?<\/p>\n<p>Harari afirmou que a maioria das pessoas tem dificuldade para digerir ci\u00eancia moderna porque sua linguagem matem\u00e1tica \u00e9 de dif\u00edcil entendimento ao nosso intelecto e suas descobertas muitas vezes contrariam nosso senso comum. \u201cDos 7 bilh\u00f5es de pessoas no mundo, quantas entendem realmente mec\u00e2nica qu\u00e2ntica, biologia celular ou macroeconomia?&#8221;, pergunta o autor do consagrado best seller, ao mesmo tempo que faz uma considera\u00e7\u00e3o digna de todo respeito: \u201cPresidentes e generais podem n\u00e3o entender de f\u00edsica nuclear, mas entendem o que as bombas nucleares s\u00e3o capazes de fazer\u201d. Da\u00ed o receio causado pelos experimentos da Cor\u00e9ia do Norte, num exerc\u00edcio de perigosas consequ\u00eancias.<\/p>\n<p>A ci\u00eancia, a ind\u00fastria e a tecnologia militar s\u00f3 se entrela\u00e7am com o advento do sistema capitalista e da Revolu\u00e7\u00e3o Industrial. Assim que se consolidou, essa rela\u00e7\u00e3o transformou o mundo rapidamente.<\/p>\n<p>Nessa era t\u00e9cnica em que vivemos, muita gente se convenceu de que a ci\u00eancia e a tecnologia t\u00eam resposta para tudo. Se deixarmos cientistas e t\u00e9cnicos trabalhar livremente, ser\u00e1 que eles criar\u00e3o aqui na terra o c\u00e9u com que sonhamos?<\/p>\n<p>Segundo Harari, \u201ca ci\u00eancia \u00e9 incapaz de estabelecer suas pr\u00f3prias prioridades. Tamb\u00e9m \u00e9 incapaz de determinar o que fazer com suas descobertas. Por exemplo, n\u00e3o est\u00e1 claro o que podemos fazer com a compreens\u00e3o cada vez maior da gen\u00e9tica. Curar o c\u00e2ncer ou criar uma ra\u00e7a de super-homens geneticamente modificados?&#8221;.<\/p>\n<p>A pesquisa cient\u00edfica s\u00f3 pode florescer se aliada a alguma religi\u00e3o ou ideologia. O ciclo de retroalimenta\u00e7\u00e3o entre ci\u00eancia, imp\u00e9rio e capital provavelmente foi o principal motor da hist\u00f3ria, nos \u00faltimos 500 anos. A ci\u00eancia moderna floresceu gra\u00e7as aos imp\u00e9rios europeus, de m\u00e3os dadas com a expans\u00e3o imperial da Espanha, Portugal, Gr\u00e3-Bretanha, Fran\u00e7a, R\u00fassia e Holanda. O imperialismo europeu foi totalmente diferente de todos os outros projetos imperiais da hist\u00f3ria. A conquista do conhecimento e a conquista do territ\u00f3rio se tornaram cada vez mais interligadas.<\/p>\n","protected":false},"excerpt":{"rendered":"<p>Segundo o escritor israelense Yuval Noah Harari, muito elogiado no mundo todo, sobretudo depois do sucesso do seu livro \u201cSapiens\u201d, h\u00e1 100 mil anos pelo menos seis esp\u00e9cies de humanos habitavam a Terra. Hoje, existe um \u00fanico: n\u00f3s, os Homo sapiens. No mundo moderno, a arte normalmente \u00e9 associada \u00e0s emo\u00e7\u00f5es humanas. Hoje, com a [&hellip;]<\/p>\n","protected":false},"author":96,"featured_media":0,"comment_status":"closed","ping_status":"closed","sticky":false,"template":"","format":"standard","meta":{"footnotes":""},"categories":[275],"tags":[],"class_list":["post-89427","post","type-post","status-publish","format-standard","hentry","category-arnaldo-niskier"],"_links":{"self":[{"href":"https:\/\/diarioregionaldigital.com.br\/index.php?rest_route=\/wp\/v2\/posts\/89427","targetHints":{"allow":["GET"]}}],"collection":[{"href":"https:\/\/diarioregionaldigital.com.br\/index.php?rest_route=\/wp\/v2\/posts"}],"about":[{"href":"https:\/\/diarioregionaldigital.com.br\/index.php?rest_route=\/wp\/v2\/types\/post"}],"author":[{"embeddable":true,"href":"https:\/\/diarioregionaldigital.com.br\/index.php?rest_route=\/wp\/v2\/users\/96"}],"replies":[{"embeddable":true,"href":"https:\/\/diarioregionaldigital.com.br\/index.php?rest_route=%2Fwp%2Fv2%2Fcomments&post=89427"}],"version-history":[{"count":0,"href":"https:\/\/diarioregionaldigital.com.br\/index.php?rest_route=\/wp\/v2\/posts\/89427\/revisions"}],"wp:attachment":[{"href":"https:\/\/diarioregionaldigital.com.br\/index.php?rest_route=%2Fwp%2Fv2%2Fmedia&parent=89427"}],"wp:term":[{"taxonomy":"category","embeddable":true,"href":"https:\/\/diarioregionaldigital.com.br\/index.php?rest_route=%2Fwp%2Fv2%2Fcategories&post=89427"},{"taxonomy":"post_tag","embeddable":true,"href":"https:\/\/diarioregionaldigital.com.br\/index.php?rest_route=%2Fwp%2Fv2%2Ftags&post=89427"}],"curies":[{"name":"wp","href":"https:\/\/api.w.org\/{rel}","templated":true}]}}