{"id":89422,"date":"2018-01-12T17:25:07","date_gmt":"2018-01-12T19:25:07","guid":{"rendered":"http:\/\/diarioregionaljf.com.br\/2018\/01\/12\/palavra-com-p-maiusculo\/"},"modified":"2018-04-16T08:05:40","modified_gmt":"2018-04-16T11:05:40","slug":"palavra-com-p-maiusculo","status":"publish","type":"post","link":"https:\/\/diarioregionaldigital.com.br\/?p=89422","title":{"rendered":"Palavra com \u201cP\u201d mai\u00fasculo"},"content":{"rendered":"<p>As palavras que usamos corriqueiramente podem ter efeitos diversos. \u00c9 lhes poss\u00edvel gerar situa\u00e7\u00f5es boas ou m\u00e1s. Tamb\u00e9m o tom usado para proferir termos, modifica tais efeitos. As palavras apenas ditas divergem em resultados com rela\u00e7\u00e3o \u00e0s escritas. Diz o velho ditado latino: \u201cVerba volant, scriptamanent\u201d. H\u00e1 perigo em dizer e mais perigo ainda em escrever. Se as palavras ditas voam, nunca mais ser\u00e3o recolhidas, pois o autor dos termos proferidos, por mais que se esforce ou deseje, jamais poder\u00e1 saber at\u00e9 onde chegou sua fala. Pior se torna a situa\u00e7\u00e3o se se trata de ofensa, cal\u00fania, difama\u00e7\u00e3o. Sempre haver\u00e1 algu\u00e9m para acreditar na maledic\u00eancia, ainda que n\u00e3o tenha o m\u00ednimo fundamento.<\/p>\n<p>Um dos grandes problemas da era midi\u00e1tica s\u00e3o os \u201cfake-news\u201d. Espalham-se not\u00edcias falsas sem nenhum escr\u00fapulo, p\u00f5em-se palavras na boca de pessoas que nunca foram ditas por elas, comentam-se fatos n\u00e3o comprovados ou prejulgados com a maior facilidade, denegrindo indiv\u00edduos ou grupos, pisoteando a moral e a \u00e9tica. Diante de tanto progresso tecnol\u00f3gico da comunica\u00e7\u00e3o, pergunte-se: onde mora a irresponsabilidade?! Nem falemos sobre legisla\u00e7\u00e3o totalmente desatualizada a respeito da puni\u00e7\u00e3o a este tipo de crime que hoje, pela velocidade e extens\u00e3o das informa\u00e7\u00f5es, agigantam ofensas e destroem moralmente pessoas inocentes.<\/p>\n<p>A f\u00e9 pode vir em nosso auxilio. Na interessant\u00edssima organiza\u00e7\u00e3o da liturgia do Natal, h\u00e1 pouco celebrado, h\u00e1 tr\u00eas textos especiais para as missas. O primeiro \u00e9 para a noite, quando se l\u00ea a narrativa do nascimento de Cristo, ap\u00f3s a rejei\u00e7\u00e3o dos habitantes daquela aldeia; o segundo \u00e9 para a Missa da Aurora, quando se reflete sobre a visita dos pastores, e o terceiro para a chamada Missa do Dia, cujo o tema central est\u00e1 na afirma\u00e7\u00e3o b\u00edblica: \u201cA Palavra se fez carne e habitou entre n\u00f3s\u201d (Jo. 1, 14).<\/p>\n<p>A Sagrada Escritura ensina que esta Palavra com \u201cP\u201d mai\u00fasculo n\u00e3o pode ser simplesmente confundida com \u201cvoc\u00e1bulo\u201d, ou um verbete dos dicion\u00e1rios, nem com um enunciado de uma p\u00e1gina, nem mesmo com o livro das Sagradas Escrituras, a B\u00edblia. A Palavra, segundo o trecho do evangelho citado, do chamado Pr\u00f3logo de S\u00e3o Jo\u00e3o, \u00e9 uma pessoa. O verbo encarnado no seio virginal de Maria \u00e9 Cristo, \u00e9 o Menino de Bel\u00e9m. Tal Palavra que existiu desde todos os tempos, sem princ\u00edpio, \u00e9 o Filho de Deus que veio da Trindade sem dela se distanciar, tornou-se pessoa humana sem deixar de ser divina. Mais tarde, Pedro vai dizer a Cristo: \u201cA quem iremos, s\u00f3 Tu tens Palavra de vida eterna\u201d (Jo 6, 68).<\/p>\n<p>A Palavra de Deus tem poder e n\u00e3o conhece defec\u00e7\u00e3o. Pela sua palavra, Ele criou todas as coisas. A narrativa da cria\u00e7\u00e3o presente no G\u00eanesis demonstra a for\u00e7a da Palavra, e entre as suas etapas, um momento especial se pode destacar na cria\u00e7\u00e3o da luz. Dita a Palavra, as trevas j\u00e1 n\u00e3o tiveram mais poder, pois a luz foi feita. Assim como a Palavra se fez carne, a luz apareceu nas trevas. Cristo \u00e9 luz, como mais tarde afirmar\u00e1: \u201cEu sou a luz do mundo, quem me segue n\u00e3o andar\u00e1 nas trevas\u201d (Jo 8, 12).<\/p>\n<p>No texto lit\u00fargico do dia do Natal, Palavra e Luz se identificam. A Palavra de Deus ilumina a vida das pessoas humanas, como j\u00e1 cantara antes o Salmo: \u201cTua Palavra \u00e9 l\u00e2mpada para os meus p\u00e9s, \u00e9 luz para o meu caminho\u201d (Sl 119,105).<\/p>\n<p>Se nossas palavras do dia a dia n\u00e3o est\u00e3o em sintonia com a grande Palavra, podem gerar danos irrepar\u00e1veis. Por\u00e9m, se alicer\u00e7am nela, sempre gerar\u00e3o frutos de paz, justi\u00e7a, caridade, harmonia, amor, bondade e jamais destruir\u00e3o pessoas. Para que as palavras humanas sejam sempre produtoras do bem, deixem-se iluminar pelo Verbo Encarnado, o Salvador em todas as situa\u00e7\u00f5es.<\/p>\n","protected":false},"excerpt":{"rendered":"<p>As palavras que usamos corriqueiramente podem ter efeitos diversos. \u00c9 lhes poss\u00edvel gerar situa\u00e7\u00f5es boas ou m\u00e1s. Tamb\u00e9m o tom usado para proferir termos, modifica tais efeitos. As palavras apenas ditas divergem em resultados com rela\u00e7\u00e3o \u00e0s escritas. Diz o velho ditado latino: \u201cVerba volant, scriptamanent\u201d. H\u00e1 perigo em dizer e mais perigo ainda em [&hellip;]<\/p>\n","protected":false},"author":96,"featured_media":0,"comment_status":"closed","ping_status":"closed","sticky":false,"template":"","format":"standard","meta":{"footnotes":""},"categories":[276],"tags":[],"class_list":["post-89422","post","type-post","status-publish","format-standard","hentry","category-dom-gil"],"_links":{"self":[{"href":"https:\/\/diarioregionaldigital.com.br\/index.php?rest_route=\/wp\/v2\/posts\/89422","targetHints":{"allow":["GET"]}}],"collection":[{"href":"https:\/\/diarioregionaldigital.com.br\/index.php?rest_route=\/wp\/v2\/posts"}],"about":[{"href":"https:\/\/diarioregionaldigital.com.br\/index.php?rest_route=\/wp\/v2\/types\/post"}],"author":[{"embeddable":true,"href":"https:\/\/diarioregionaldigital.com.br\/index.php?rest_route=\/wp\/v2\/users\/96"}],"replies":[{"embeddable":true,"href":"https:\/\/diarioregionaldigital.com.br\/index.php?rest_route=%2Fwp%2Fv2%2Fcomments&post=89422"}],"version-history":[{"count":0,"href":"https:\/\/diarioregionaldigital.com.br\/index.php?rest_route=\/wp\/v2\/posts\/89422\/revisions"}],"wp:attachment":[{"href":"https:\/\/diarioregionaldigital.com.br\/index.php?rest_route=%2Fwp%2Fv2%2Fmedia&parent=89422"}],"wp:term":[{"taxonomy":"category","embeddable":true,"href":"https:\/\/diarioregionaldigital.com.br\/index.php?rest_route=%2Fwp%2Fv2%2Fcategories&post=89422"},{"taxonomy":"post_tag","embeddable":true,"href":"https:\/\/diarioregionaldigital.com.br\/index.php?rest_route=%2Fwp%2Fv2%2Ftags&post=89422"}],"curies":[{"name":"wp","href":"https:\/\/api.w.org\/{rel}","templated":true}]}}