{"id":89419,"date":"2018-01-12T17:15:55","date_gmt":"2018-01-12T19:15:55","guid":{"rendered":"http:\/\/diarioregionaljf.com.br\/2018\/01\/12\/tribunal-altera-expediente-para-julgamento-de-lula-em-porto-alegre\/"},"modified":"2018-01-12T17:15:55","modified_gmt":"2018-01-12T19:15:55","slug":"tribunal-altera-expediente-para-julgamento-de-lula-em-porto-alegre","status":"publish","type":"post","link":"https:\/\/diarioregionaldigital.com.br\/?p=89419","title":{"rendered":"Tribunal altera expediente para julgamento de Lula em Porto Alegre"},"content":{"rendered":"<p>O Tribunal Regional Federal da 4\u00aa Regi\u00e3o (TRF4), sediado em Porto Alegre, suspendeu o expediente no dia 24 de janeiro, dia em que a 8\u00aa Turma do tribunal vai julgar a apela\u00e7\u00e3o do ex-presidente Luiz In\u00e1cio Lula da Silva contra a senten\u00e7a do juiz federal S\u00e9rgio Moro no caso do triplex do Condom\u00ednio Solaris, no Guaruj\u00e1 (SP). Com a decis\u00e3o, somente as pessoas envolvidas diretamente no julgamento poder\u00e3o entrar no pr\u00e9dio.<\/p>\n<p>A medida foi tomada pelo presidente do tribunal, desembargador Carlos Eduardo Thompson Flores, com base no plano que est\u00e1 sendo elaborado pelos \u00f3rg\u00e3os da seguran\u00e7a p\u00fablica do Rio Grande do Sul e a Pol\u00edcia Federal. No dia anterior ao julgamento, o expediente ser\u00e1 de meio per\u00edodo, das 8h \u00e0s 12h. Os prazos processuais e as intima\u00e7\u00f5es nos processos, tanto f\u00edsicos quanto eletr\u00f4nicos, ser\u00e3o suspensos por dois dias e retomados no dia 25, uma quinta-feira.<\/p>\n<p>A 8\u00aa Turma do tribunal \u00e9 a respons\u00e1vel pelos recursos da Opera\u00e7\u00e3o Lava Jato na segunda inst\u00e2ncia da Justi\u00e7a Federal. O relator da apela\u00e7\u00e3o \u00e9 o desembargador Jo\u00e3o Pedro Gebran Neto. O colegiado tamb\u00e9m \u00e9 composto pelos desembargadores Leandro Paulsen e Victor Laus.<\/p>\n<p>Em julho do ano passado, Lula foi condenado a nove anos e seis meses de pris\u00e3o, por lavagem de dinheiro e corrup\u00e7\u00e3o passiva.<\/p>\n<p>Na segunda inst\u00e2ncia, o Minist\u00e9rio P\u00fablico Federal (MPF) pediu o aumento da pena do ex-presidente. A acusa\u00e7\u00e3o sustenta que Lula deve responder separadamente a cada acusa\u00e7\u00e3o de corrup\u00e7\u00e3o que consta da senten\u00e7a de Moro.<\/p>\n<p>Na senten\u00e7a, Moro entendeu que as reformas executadas no apartamento pela empresa OAS provam que o im\u00f3vel era destinado ao ex-presidente. Al\u00e9m disso, o juiz entendeu que os recursos usados pela empreiteira foram desviados da Petrobras.<\/p>\n<p>Na apela\u00e7\u00e3o, a defesa de Lula sustenta que a an\u00e1lise de Moro foi \u201cparcial e facciosa\u201d e \u201cdescoberta de qualquer elemento probat\u00f3rio id\u00f4neo\u201d. Para os defensores do ex-presidente, o magistrado teria falhado ao estabelecer a pena com base apenas na \u201cnarrativa isolada\u201d do ex-presidente da Construtora OAS Jos\u00e9 Aldem\u00e1rio Pinheiro Filho, conhecido como L\u00e9o Pinheiro, sobre \u201cum fantasioso caixa geral de propinas\u201d e a suposta aquisi\u00e7\u00e3o e reforma do im\u00f3vel.<\/p>\n<p>Fonte: Ag\u00eancia Brasil<\/p>\n","protected":false},"excerpt":{"rendered":"<p>O Tribunal Regional Federal da 4\u00aa Regi\u00e3o (TRF4), sediado em Porto Alegre, suspendeu o expediente no dia 24 de janeiro, dia em que a 8\u00aa Turma do tribunal vai julgar a apela\u00e7\u00e3o do ex-presidente Luiz In\u00e1cio Lula da Silva contra a senten\u00e7a do juiz federal S\u00e9rgio Moro no caso do triplex do Condom\u00ednio Solaris, no [&hellip;]<\/p>\n","protected":false},"author":96,"featured_media":89418,"comment_status":"closed","ping_status":"closed","sticky":false,"template":"","format":"standard","meta":{"footnotes":""},"categories":[254],"tags":[],"class_list":["post-89419","post","type-post","status-publish","format-standard","has-post-thumbnail","hentry","category-politica"],"_links":{"self":[{"href":"https:\/\/diarioregionaldigital.com.br\/index.php?rest_route=\/wp\/v2\/posts\/89419","targetHints":{"allow":["GET"]}}],"collection":[{"href":"https:\/\/diarioregionaldigital.com.br\/index.php?rest_route=\/wp\/v2\/posts"}],"about":[{"href":"https:\/\/diarioregionaldigital.com.br\/index.php?rest_route=\/wp\/v2\/types\/post"}],"author":[{"embeddable":true,"href":"https:\/\/diarioregionaldigital.com.br\/index.php?rest_route=\/wp\/v2\/users\/96"}],"replies":[{"embeddable":true,"href":"https:\/\/diarioregionaldigital.com.br\/index.php?rest_route=%2Fwp%2Fv2%2Fcomments&post=89419"}],"version-history":[{"count":0,"href":"https:\/\/diarioregionaldigital.com.br\/index.php?rest_route=\/wp\/v2\/posts\/89419\/revisions"}],"wp:featuredmedia":[{"embeddable":true,"href":"https:\/\/diarioregionaldigital.com.br\/index.php?rest_route=\/wp\/v2\/media\/89418"}],"wp:attachment":[{"href":"https:\/\/diarioregionaldigital.com.br\/index.php?rest_route=%2Fwp%2Fv2%2Fmedia&parent=89419"}],"wp:term":[{"taxonomy":"category","embeddable":true,"href":"https:\/\/diarioregionaldigital.com.br\/index.php?rest_route=%2Fwp%2Fv2%2Fcategories&post=89419"},{"taxonomy":"post_tag","embeddable":true,"href":"https:\/\/diarioregionaldigital.com.br\/index.php?rest_route=%2Fwp%2Fv2%2Ftags&post=89419"}],"curies":[{"name":"wp","href":"https:\/\/api.w.org\/{rel}","templated":true}]}}