{"id":89417,"date":"2018-01-12T17:11:57","date_gmt":"2018-01-12T19:11:57","guid":{"rendered":"http:\/\/diarioregionaljf.com.br\/2018\/01\/12\/maia-diz-que-rebaixamento-pode-ajudar-aprovacao-da-reforma-da-previdencia\/"},"modified":"2018-01-12T17:11:57","modified_gmt":"2018-01-12T19:11:57","slug":"maia-diz-que-rebaixamento-pode-ajudar-aprovacao-da-reforma-da-previdencia","status":"publish","type":"post","link":"https:\/\/diarioregionaldigital.com.br\/?p=89417","title":{"rendered":"Maia diz que rebaixamento pode ajudar aprova\u00e7\u00e3o da reforma da Previd\u00eancia"},"content":{"rendered":"<p>O presidente da C\u00e2mara, Rodrigo Maia (DEM-RJ) disse nessa sexta-feira, 12, que o rebaixamento da nota de cr\u00e9dito do Brasil pode ajudar no convencimento dos parlamentares em torno da reforma da Previd\u00eancia.<\/p>\n<p>A ag\u00eancia internacional de classifica\u00e7\u00e3o risco de Standard &amp; Poor&#8217;s rebaixou ontem o pa\u00eds para tr\u00eas n\u00edveis abaixo do grau de investimento. Ela justificou sua avalia\u00e7\u00e3o negativa sobre o Brasil por conta da demora na implementa\u00e7\u00e3o das reformas, principalmente a da Previd\u00eancia, que poderiam reduzir os riscos fiscais do pa\u00eds.<\/p>\n<p>Para Rodrigo Maia, a avalia\u00e7\u00e3o da ag\u00eancia internacional pode contribuir para o avan\u00e7o da proposta na C\u00e2mara \u201cse parte do governo n\u00e3o tentar responsabilizar o Congresso\u201d, disse o deputado \u00e0 Ag\u00eancia Brasil.<\/p>\n<p>Ele sinalizou que a responsabilidade pela aprova\u00e7\u00e3o da reforma tamb\u00e9m \u00e9 do governo. \u201cTodos t\u00eam responsabilidade. A lideran\u00e7a do governo \u00e9 decisiva para aprovar a reforma\u201d, acrescentou.<\/p>\n<p>O Congresso Nacional est\u00e1 em recesso parlamentar at\u00e9 fevereiro. Neste per\u00edodo, l\u00edderes partid\u00e1rios est\u00e3o se mobilizando junto \u00e0 equipe do governo para garantir votos favor\u00e1veis \u00e0 reforma.<\/p>\n<p>&nbsp;<\/p>\n<h4>PROPOSTA TRAMITA NA C\u00c2MARA DESDE 2016<\/h4>\n<p>A Proposta de Emenda \u00e0 Constitui\u00e7\u00e3o (PEC) que altera as regras de acesso \u00e0 aposentadoria tramita na C\u00e2mara desde o fim de 2016. A PEC foi aprovada em uma comiss\u00e3o especial da C\u00e2mara em maio do ano passado e, desde ent\u00e3o, aguarda para ser analisada em plen\u00e1rio.<\/p>\n<p>A tramita\u00e7\u00e3o da proposta, no entanto, ficou paralisada depois que chegaram \u00e0 C\u00e2mara duas den\u00fancias contra o presidente Michel Temer, apresentadas pela Procuradoria Geral da Rep\u00fablica.<\/p>\n<p>As acusa\u00e7\u00f5es que pesaram contra Temer por crime de corrup\u00e7\u00e3o passiva, obstru\u00e7\u00e3o da justi\u00e7a e lideran\u00e7a de organiza\u00e7\u00e3o criminosa foram derrubadas em plen\u00e1rio pelos deputados.<\/p>\n<p>No entanto, o processo de vota\u00e7\u00e3o das den\u00fancias gerou um desgaste na base aliada do governo e provocou o recuo do apoio de v\u00e1rios deputados em torno das reformas.<\/p>\n<p>O quorum para aprovar a emenda \u00e9 qualificado, precisa do apoio de 308 deputados, o que corresponde a dois ter\u00e7os do total de 513 parlamentares em dois turnos. A base governista ainda n\u00e3o conseguiu reunir os votos e a vota\u00e7\u00e3o da reforma foi adiada para fevereiro.<\/p>\n<p>Fonte: Ag\u00eancia Brasil<\/p>\n","protected":false},"excerpt":{"rendered":"<p>O presidente da C\u00e2mara, Rodrigo Maia (DEM-RJ) disse nessa sexta-feira, 12, que o rebaixamento da nota de cr\u00e9dito do Brasil pode ajudar no convencimento dos parlamentares em torno da reforma da Previd\u00eancia. A ag\u00eancia internacional de classifica\u00e7\u00e3o risco de Standard &amp; Poor&#8217;s rebaixou ontem o pa\u00eds para tr\u00eas n\u00edveis abaixo do grau de investimento. Ela [&hellip;]<\/p>\n","protected":false},"author":96,"featured_media":89416,"comment_status":"closed","ping_status":"closed","sticky":false,"template":"","format":"standard","meta":{"footnotes":""},"categories":[254],"tags":[],"class_list":["post-89417","post","type-post","status-publish","format-standard","has-post-thumbnail","hentry","category-politica"],"_links":{"self":[{"href":"https:\/\/diarioregionaldigital.com.br\/index.php?rest_route=\/wp\/v2\/posts\/89417","targetHints":{"allow":["GET"]}}],"collection":[{"href":"https:\/\/diarioregionaldigital.com.br\/index.php?rest_route=\/wp\/v2\/posts"}],"about":[{"href":"https:\/\/diarioregionaldigital.com.br\/index.php?rest_route=\/wp\/v2\/types\/post"}],"author":[{"embeddable":true,"href":"https:\/\/diarioregionaldigital.com.br\/index.php?rest_route=\/wp\/v2\/users\/96"}],"replies":[{"embeddable":true,"href":"https:\/\/diarioregionaldigital.com.br\/index.php?rest_route=%2Fwp%2Fv2%2Fcomments&post=89417"}],"version-history":[{"count":0,"href":"https:\/\/diarioregionaldigital.com.br\/index.php?rest_route=\/wp\/v2\/posts\/89417\/revisions"}],"wp:featuredmedia":[{"embeddable":true,"href":"https:\/\/diarioregionaldigital.com.br\/index.php?rest_route=\/wp\/v2\/media\/89416"}],"wp:attachment":[{"href":"https:\/\/diarioregionaldigital.com.br\/index.php?rest_route=%2Fwp%2Fv2%2Fmedia&parent=89417"}],"wp:term":[{"taxonomy":"category","embeddable":true,"href":"https:\/\/diarioregionaldigital.com.br\/index.php?rest_route=%2Fwp%2Fv2%2Fcategories&post=89417"},{"taxonomy":"post_tag","embeddable":true,"href":"https:\/\/diarioregionaldigital.com.br\/index.php?rest_route=%2Fwp%2Fv2%2Ftags&post=89417"}],"curies":[{"name":"wp","href":"https:\/\/api.w.org\/{rel}","templated":true}]}}