{"id":89415,"date":"2018-01-12T17:07:25","date_gmt":"2018-01-12T19:07:25","guid":{"rendered":"http:\/\/diarioregionaljf.com.br\/2018\/01\/12\/equador-confirma-que-concedeu-naturalizacao-a-julian-assange\/"},"modified":"2018-01-12T17:07:25","modified_gmt":"2018-01-12T19:07:25","slug":"equador-confirma-que-concedeu-naturalizacao-a-julian-assange","status":"publish","type":"post","link":"https:\/\/diarioregionaldigital.com.br\/?p=89415","title":{"rendered":"Equador confirma que concedeu naturaliza\u00e7\u00e3o a Julian Assange"},"content":{"rendered":"<p>A chanceler do Equador, Mar\u00eda Fernanda Espinosa, confirmou nessa quinta-feira, 11, &nbsp;que seu pa\u00eds concedeu a naturaliza\u00e7\u00e3o equatoriana ao fundador do WiKiLeaks, o australiano Julian Assange, em 12 de dezembro do ano passado. As informa\u00e7\u00f5es s\u00e3o da Ag\u00eancia EFE.<\/p>\n<p>&#8220;O que a naturaliza\u00e7\u00e3o faz \u00e9 dar mais prote\u00e7\u00e3o ao asilado e n\u00e3o altera, de modo algum, mas fortalece, sua condi\u00e7\u00e3o de pessoa internacionalmente protegida&#8221;, indicou a chefe da diplomacia equatoriana.<\/p>\n<p>Mar\u00eda Fernanda acrescentou que qualquer movimento do asilado fora da Embaixada \u00e9 um tema que &#8220;deve ser acordado previamente com o Reino Unido&#8221;, algo que estavam analisando, disse.<\/p>\n<p>&#8220;A ordem que temos e a obriga\u00e7\u00e3o internacional e nacional \u00e9 cuidar e proteger a integridade de Julian Assange e seus direitos. Enquanto essas condi\u00e7\u00f5es n\u00e3o forem dadas, n\u00f3s dificilmente poderemos pensar em uma sa\u00edda do asilado dos escrit\u00f3rios da Embaixada do Equador em Londres&#8221;, disse ela.<\/p>\n<p>A chanceler indicou que o problema de Assange &#8220;n\u00e3o \u00e9 a quest\u00e3o de enfrentar a Justi\u00e7a brit\u00e2nica. S\u00e3o temores fundados que temos sobre poss\u00edveis riscos \u00e0 vida e \u00e0 integridade do cidad\u00e3o Assange, n\u00e3o necessariamente do Reino Unido, mas por parte, possivelmente, de outros Estados&#8221;, disse.<\/p>\n<p>O vice-ministro de Migra\u00e7\u00e3o, Jos\u00e9 Luis J\u00e1come, comentou que Assange tem agora &#8220;os mesmos direitos que os equatorianos no exterior e que os estrangeiros no pa\u00eds&#8221;.<\/p>\n<p>Para Mar\u00eda Fernanda, a decis\u00e3o de conceder a naturaliza\u00e7\u00e3o a Assange foi fundamentada em artigos da Constitui\u00e7\u00e3o, da Lei org\u00e2nica de migra\u00e7\u00e3o, em apartes da Conven\u00e7\u00e3o de Genebra de 1951 sobre o Estatuto de Refugiados e no Pacto Internacional de Direitos Civis e Pol\u00edticos.<\/p>\n<p>&nbsp;<\/p>\n<h4>HIST\u00d3RICO<\/h4>\n<p>O jornalista, refugiado na embaixada do Equador em Londres desde 19 de junho de 2012, e a quem o Equador concedeu asilo em agosto do mesmo ano, era requerido desde 2010 pelas autoridades suecas por acusa\u00e7\u00f5es, que ele nega, de duas mulheres de abuso sexual, mas a Su\u00e9cia arquivou o processo em maio do ano passado por n\u00e3o poder avan\u00e7ar na investiga\u00e7\u00e3o.<\/p>\n<p>No entanto, Assange acredita que se abandonar a embaixada pode ser detido pelas autoridades brit\u00e2nicas e deportado aos Estados Unidos, onde teme ser julgado pela divulga\u00e7\u00e3o feita pelo WikiLeaks de informa\u00e7\u00f5es confidenciais do governo americano.<\/p>\n<p>Espinosa disse que espera que Chancelaria possa lidar com o caso &#8220;t\u00e3o delicado&#8221; de Assange &#8220;com a maior prud\u00eancia e discri\u00e7\u00e3o&#8221;.<\/p>\n<p>A diplomata equatoriana indicou que est\u00e3o \u00e0 espera de uma resposta da Corte Interamericana de Direitos Humanos, \u00e0 qual pediram uma &#8220;opini\u00e3o consultiva&#8221; sobre a figura do asilo.<\/p>\n<p>Fonte: Ag\u00eancia Brasil<\/p>\n","protected":false},"excerpt":{"rendered":"<p>A chanceler do Equador, Mar\u00eda Fernanda Espinosa, confirmou nessa quinta-feira, 11, &nbsp;que seu pa\u00eds concedeu a naturaliza\u00e7\u00e3o equatoriana ao fundador do WiKiLeaks, o australiano Julian Assange, em 12 de dezembro do ano passado. As informa\u00e7\u00f5es s\u00e3o da Ag\u00eancia EFE. &#8220;O que a naturaliza\u00e7\u00e3o faz \u00e9 dar mais prote\u00e7\u00e3o ao asilado e n\u00e3o altera, de modo [&hellip;]<\/p>\n","protected":false},"author":96,"featured_media":89414,"comment_status":"closed","ping_status":"closed","sticky":false,"template":"","format":"standard","meta":{"footnotes":""},"categories":[302],"tags":[],"class_list":["post-89415","post","type-post","status-publish","format-standard","has-post-thumbnail","hentry","category-brasil-mundo"],"_links":{"self":[{"href":"https:\/\/diarioregionaldigital.com.br\/index.php?rest_route=\/wp\/v2\/posts\/89415","targetHints":{"allow":["GET"]}}],"collection":[{"href":"https:\/\/diarioregionaldigital.com.br\/index.php?rest_route=\/wp\/v2\/posts"}],"about":[{"href":"https:\/\/diarioregionaldigital.com.br\/index.php?rest_route=\/wp\/v2\/types\/post"}],"author":[{"embeddable":true,"href":"https:\/\/diarioregionaldigital.com.br\/index.php?rest_route=\/wp\/v2\/users\/96"}],"replies":[{"embeddable":true,"href":"https:\/\/diarioregionaldigital.com.br\/index.php?rest_route=%2Fwp%2Fv2%2Fcomments&post=89415"}],"version-history":[{"count":0,"href":"https:\/\/diarioregionaldigital.com.br\/index.php?rest_route=\/wp\/v2\/posts\/89415\/revisions"}],"wp:featuredmedia":[{"embeddable":true,"href":"https:\/\/diarioregionaldigital.com.br\/index.php?rest_route=\/wp\/v2\/media\/89414"}],"wp:attachment":[{"href":"https:\/\/diarioregionaldigital.com.br\/index.php?rest_route=%2Fwp%2Fv2%2Fmedia&parent=89415"}],"wp:term":[{"taxonomy":"category","embeddable":true,"href":"https:\/\/diarioregionaldigital.com.br\/index.php?rest_route=%2Fwp%2Fv2%2Fcategories&post=89415"},{"taxonomy":"post_tag","embeddable":true,"href":"https:\/\/diarioregionaldigital.com.br\/index.php?rest_route=%2Fwp%2Fv2%2Ftags&post=89415"}],"curies":[{"name":"wp","href":"https:\/\/api.w.org\/{rel}","templated":true}]}}