{"id":89413,"date":"2018-01-12T17:00:58","date_gmt":"2018-01-12T19:00:58","guid":{"rendered":"http:\/\/diarioregionaljf.com.br\/2018\/01\/12\/europa-promove-campanha-contra-propaganda-terrorista-na-internet\/"},"modified":"2018-01-12T17:00:58","modified_gmt":"2018-01-12T19:00:58","slug":"europa-promove-campanha-contra-propaganda-terrorista-na-internet","status":"publish","type":"post","link":"https:\/\/diarioregionaldigital.com.br\/?p=89413","title":{"rendered":"Europa promove campanha contra propaganda terrorista na internet"},"content":{"rendered":"<p>A Europol, ag\u00eancia do servi\u00e7o europeu de pol\u00edcia, lan\u00e7ou uma campanha para identifica\u00e7\u00e3o e remo\u00e7\u00e3o r\u00e1pida de conte\u00fado de extremismo terrorista e violento carregado no Facebook e Instagram. A ag\u00eancia, que tem como objetivo a aplica\u00e7\u00e3o das leis da Uni\u00e3o Europeia (UE) no combate ao crime organizado internacional, realizou na quinta-feira, 11, o oitavo Dia de A\u00e7\u00e3o de Refer\u00eancia (Referral Action Day, em ingl\u00eas), uma for\u00e7a-tarefa conjunta com diversos pa\u00edses na luta contra a divulga\u00e7\u00e3o de propaganda terrorista.<\/p>\n<p>A campanha intensiva foi organizada na sede da Europol, em Haia, e visou o conte\u00fado de grupos terroristas e simpatizantes do terrorismo, cujas mensagens t\u00eam o objetivo de radicalizar, recrutar e propagar atividades terroristas.<\/p>\n<p>As unidades policiais especializadas envolvidas na a\u00e7\u00e3o realizaram uma avalia\u00e7\u00e3o qualitativa de v\u00e1rias centenas de pe\u00e7as de propaganda terrorista suspeita, detectando padr\u00f5es nas plataformas online, bem como tend\u00eancias na dissemina\u00e7\u00e3o de propaganda terrorista.<\/p>\n<p>A Europol, em parceria com os servi\u00e7os de pol\u00edcia nacionais da Uni\u00e3o Europeia, cooperam com o Facebook no \u00e2mbito do F\u00f3rum Internet da UE, administrado pela Comiss\u00e3o da UE, com o objetivo de restringir a disponibilidade de conte\u00fados que promovam o terrorismo ou incitem a viol\u00eancia.<\/p>\n<p>O Facebook participou dessa a\u00e7\u00e3o conjunta em Haia, com o compromisso declarado de &#8220;remover terroristas e postagens que apoiam o terrorismo&#8221; assim que identificados e &#8220;tornar suas plataformas um lugar hostil para os terroristas&#8221;.<\/p>\n<p>A remo\u00e7\u00e3o final do material \u00e9 uma atividade volunt\u00e1ria das plataformas de m\u00eddia social em quest\u00e3o, como Facebook e Instagram, levando em considera\u00e7\u00e3o seus pr\u00f3prios termos e condi\u00e7\u00f5es. A a\u00e7\u00e3o est\u00e1 focada principalmente na produ\u00e7\u00e3o online de materiais terroristas pelos meios de comunica\u00e7\u00e3o afiliados do Estado Isl\u00e2mico e da Al-Qaeda.<\/p>\n<p>Para al\u00e9m dos Dias de Refer\u00eancia, a\u00e7\u00f5es conjuntas semelhantes, que envolvem Estados-Membros da UE e parceiros, continuar\u00e3o a ser organizadas regularmente, de acordo com informa\u00e7\u00f5es divulgadas no site da Europol.<\/p>\n<p>Fonte: Ag\u00eancia Brasil<\/p>\n","protected":false},"excerpt":{"rendered":"<p>A Europol, ag\u00eancia do servi\u00e7o europeu de pol\u00edcia, lan\u00e7ou uma campanha para identifica\u00e7\u00e3o e remo\u00e7\u00e3o r\u00e1pida de conte\u00fado de extremismo terrorista e violento carregado no Facebook e Instagram. A ag\u00eancia, que tem como objetivo a aplica\u00e7\u00e3o das leis da Uni\u00e3o Europeia (UE) no combate ao crime organizado internacional, realizou na quinta-feira, 11, o oitavo Dia [&hellip;]<\/p>\n","protected":false},"author":96,"featured_media":89412,"comment_status":"closed","ping_status":"closed","sticky":false,"template":"","format":"standard","meta":{"footnotes":""},"categories":[302],"tags":[],"class_list":["post-89413","post","type-post","status-publish","format-standard","has-post-thumbnail","hentry","category-brasil-mundo"],"_links":{"self":[{"href":"https:\/\/diarioregionaldigital.com.br\/index.php?rest_route=\/wp\/v2\/posts\/89413","targetHints":{"allow":["GET"]}}],"collection":[{"href":"https:\/\/diarioregionaldigital.com.br\/index.php?rest_route=\/wp\/v2\/posts"}],"about":[{"href":"https:\/\/diarioregionaldigital.com.br\/index.php?rest_route=\/wp\/v2\/types\/post"}],"author":[{"embeddable":true,"href":"https:\/\/diarioregionaldigital.com.br\/index.php?rest_route=\/wp\/v2\/users\/96"}],"replies":[{"embeddable":true,"href":"https:\/\/diarioregionaldigital.com.br\/index.php?rest_route=%2Fwp%2Fv2%2Fcomments&post=89413"}],"version-history":[{"count":0,"href":"https:\/\/diarioregionaldigital.com.br\/index.php?rest_route=\/wp\/v2\/posts\/89413\/revisions"}],"wp:featuredmedia":[{"embeddable":true,"href":"https:\/\/diarioregionaldigital.com.br\/index.php?rest_route=\/wp\/v2\/media\/89412"}],"wp:attachment":[{"href":"https:\/\/diarioregionaldigital.com.br\/index.php?rest_route=%2Fwp%2Fv2%2Fmedia&parent=89413"}],"wp:term":[{"taxonomy":"category","embeddable":true,"href":"https:\/\/diarioregionaldigital.com.br\/index.php?rest_route=%2Fwp%2Fv2%2Fcategories&post=89413"},{"taxonomy":"post_tag","embeddable":true,"href":"https:\/\/diarioregionaldigital.com.br\/index.php?rest_route=%2Fwp%2Fv2%2Ftags&post=89413"}],"curies":[{"name":"wp","href":"https:\/\/api.w.org\/{rel}","templated":true}]}}