{"id":89411,"date":"2018-01-12T16:56:47","date_gmt":"2018-01-12T18:56:47","guid":{"rendered":"http:\/\/diarioregionaljf.com.br\/2018\/01\/12\/professores-brasileiros-de-lingua-inglesa-vao-se-aperfeicoar-nos-estados-unidos\/"},"modified":"2018-01-12T16:56:47","modified_gmt":"2018-01-12T18:56:47","slug":"professores-brasileiros-de-lingua-inglesa-vao-se-aperfeicoar-nos-estados-unidos","status":"publish","type":"post","link":"https:\/\/diarioregionaldigital.com.br\/?p=89411","title":{"rendered":"Professores brasileiros de l\u00edngua inglesa v\u00e3o se aperfei\u00e7oar nos Estados Unidos"},"content":{"rendered":"<p>Um programa coordenado por \u00f3rg\u00e3os governamentais brasileiros e norte-americanos est\u00e1 encaminhando para os Estados Unidos (EUA) 479 professores de l\u00edngua inglesa da rede p\u00fablica de todos os estados do Brasil. O embarque dos professores ocorre nesta sexta-feira, 12.<\/p>\n<p>\u201cO programa \u00e9 voltado para professores da rede p\u00fablica e tem uma miss\u00e3o muito especial. Focaliza o ensino do ingl\u00eas em todo o Brasil e no sistema de educa\u00e7\u00e3o p\u00fablica em grandes e pequenas cidades\u201d, disse o embaixador dos Estados Unidos no Brasil, P. Michael McKinley.<\/p>\n<p>Segundo McKinley, a iniciativa, integralmente financiada pelo governo brasileiro e com apoio da miss\u00e3o diplom\u00e1tica dos EUA no Brasil, tem tamb\u00e9m o objetivo de promover o di\u00e1logo e o entendimento m\u00fatuo por meio da educa\u00e7\u00e3o e cultura entre brasileiros e norte-americanos.<\/p>\n<p>Os participantes do Programa de Desenvolvimento Profissional para Professores de L\u00edngua Inglesa \u2013 selecionados nacionalmente em processo competitivo, que deu prioridade a professores de estados com mais necessidade de treinamento \u2013 ir\u00e3o para 17 universidades norte-americanas: a Georgia; do Kansas; de Michigan; de Missouri; de Ohio; de Portland; de San Francisco; de St. John; de Temple; de Arkansas; de Delaware; de Kansas; de Miami; de Missouri, Kansas City; da Carolina do Norte, Charlotte; do Texas, Austin; e de Iowa.<\/p>\n<p>A Coordena\u00e7\u00e3o de Aperfei\u00e7oamento de Pessoal de N\u00edvel Superior (Capes), funda\u00e7\u00e3o vinculada ao Minist\u00e9rio da Educa\u00e7\u00e3o (MEC), a Comiss\u00e3o Fulbright, a Embaixada dos Estados Unidos no Brasil e o Departamento de Estado elaboraram o programa para promover o fortalecimento da flu\u00eancia oral e escrita em ingl\u00eas, novas metodologias de ensino. Haver\u00e1 avalia\u00e7\u00e3o para incentivar a participa\u00e7\u00e3o de alunos em sala de aula, estimular o uso de recursos online e outras ferramentas na forma\u00e7\u00e3o continuada de professores e na prepara\u00e7\u00e3o de planos de aula.<\/p>\n<p>Os participantes do programa tamb\u00e9m ter\u00e3o a oportunidade de conhecer in loco a hist\u00f3ria e a cultura dos EUA para que isso se torne parte do curr\u00edculo do ensino da l\u00edngua inglesa no Brasil. Ao t\u00e9rmino do treinamento, os professores ter\u00e3o conclu\u00eddo um plano de a\u00e7\u00e3o na \u00e1rea de ensino do idioma para ser implementado em suas escolas e comunidades, resultando assim em um efeito multiplicador.<\/p>\n<p>Fonte: Ag\u00eancia Brasil<\/p>\n","protected":false},"excerpt":{"rendered":"<p>Um programa coordenado por \u00f3rg\u00e3os governamentais brasileiros e norte-americanos est\u00e1 encaminhando para os Estados Unidos (EUA) 479 professores de l\u00edngua inglesa da rede p\u00fablica de todos os estados do Brasil. O embarque dos professores ocorre nesta sexta-feira, 12. \u201cO programa \u00e9 voltado para professores da rede p\u00fablica e tem uma miss\u00e3o muito especial. Focaliza o [&hellip;]<\/p>\n","protected":false},"author":96,"featured_media":89410,"comment_status":"closed","ping_status":"closed","sticky":false,"template":"","format":"standard","meta":{"footnotes":""},"categories":[302],"tags":[],"class_list":["post-89411","post","type-post","status-publish","format-standard","has-post-thumbnail","hentry","category-brasil-mundo"],"_links":{"self":[{"href":"https:\/\/diarioregionaldigital.com.br\/index.php?rest_route=\/wp\/v2\/posts\/89411","targetHints":{"allow":["GET"]}}],"collection":[{"href":"https:\/\/diarioregionaldigital.com.br\/index.php?rest_route=\/wp\/v2\/posts"}],"about":[{"href":"https:\/\/diarioregionaldigital.com.br\/index.php?rest_route=\/wp\/v2\/types\/post"}],"author":[{"embeddable":true,"href":"https:\/\/diarioregionaldigital.com.br\/index.php?rest_route=\/wp\/v2\/users\/96"}],"replies":[{"embeddable":true,"href":"https:\/\/diarioregionaldigital.com.br\/index.php?rest_route=%2Fwp%2Fv2%2Fcomments&post=89411"}],"version-history":[{"count":0,"href":"https:\/\/diarioregionaldigital.com.br\/index.php?rest_route=\/wp\/v2\/posts\/89411\/revisions"}],"wp:featuredmedia":[{"embeddable":true,"href":"https:\/\/diarioregionaldigital.com.br\/index.php?rest_route=\/wp\/v2\/media\/89410"}],"wp:attachment":[{"href":"https:\/\/diarioregionaldigital.com.br\/index.php?rest_route=%2Fwp%2Fv2%2Fmedia&parent=89411"}],"wp:term":[{"taxonomy":"category","embeddable":true,"href":"https:\/\/diarioregionaldigital.com.br\/index.php?rest_route=%2Fwp%2Fv2%2Fcategories&post=89411"},{"taxonomy":"post_tag","embeddable":true,"href":"https:\/\/diarioregionaldigital.com.br\/index.php?rest_route=%2Fwp%2Fv2%2Ftags&post=89411"}],"curies":[{"name":"wp","href":"https:\/\/api.w.org\/{rel}","templated":true}]}}