{"id":89409,"date":"2018-01-12T16:51:33","date_gmt":"2018-01-12T18:51:33","guid":{"rendered":"http:\/\/diarioregionaljf.com.br\/2018\/01\/12\/policia-apreende-5-fuzis-e-uma-tonelada-de-maconha-na-presidente-dutra\/"},"modified":"2018-01-12T16:51:33","modified_gmt":"2018-01-12T18:51:33","slug":"policia-apreende-5-fuzis-e-uma-tonelada-de-maconha-na-presidente-dutra","status":"publish","type":"post","link":"https:\/\/diarioregionaldigital.com.br\/?p=89409","title":{"rendered":"Pol\u00edcia apreende 5 fuzis e uma tonelada de maconha na Presidente Dutra"},"content":{"rendered":"<p>Agentes da Pol\u00edcia Rodovi\u00e1ria Federal (PRF) apreenderam nessa sexta-feira, 12, cinco fuzis autom\u00e1ticos e uma tonelada de maconha prensada.<\/p>\n<p>A carga estava sendo levada da cidade de Lavrinhas, em S\u00e3o Paulo, para o Rio de Janeiro. Os criminosos furaram uma barreira da PRF. Eles ocupavam um carro Fiat Toro e foram perseguidos pela rodovia Presidente Dutra at\u00e9 a cidade de Resende, a 168 quil\u00f4metros da capital fluminense.<\/p>\n<p>A a\u00e7\u00e3o contou com integrantes da Pol\u00edcia Militar que tamb\u00e9m participaram da persegui\u00e7\u00e3o ao Fiat, que foi parado ao bater em outros ve\u00edculos.<\/p>\n<p>Os ocupantes do carro conseguiram fugir ao cerco policial passando para o outro lado da pista. A droga e o armamento pesado foram levados para a delegacia policial de Resende, onde o caso foi registrado.<\/p>\n<p>Fonte: Ag\u00eancia Brasil<\/p>\n","protected":false},"excerpt":{"rendered":"<p>Agentes da Pol\u00edcia Rodovi\u00e1ria Federal (PRF) apreenderam nessa sexta-feira, 12, cinco fuzis autom\u00e1ticos e uma tonelada de maconha prensada. A carga estava sendo levada da cidade de Lavrinhas, em S\u00e3o Paulo, para o Rio de Janeiro. Os criminosos furaram uma barreira da PRF. Eles ocupavam um carro Fiat Toro e foram perseguidos pela rodovia Presidente [&hellip;]<\/p>\n","protected":false},"author":96,"featured_media":89408,"comment_status":"closed","ping_status":"closed","sticky":false,"template":"","format":"standard","meta":{"footnotes":""},"categories":[302],"tags":[],"class_list":["post-89409","post","type-post","status-publish","format-standard","has-post-thumbnail","hentry","category-brasil-mundo"],"_links":{"self":[{"href":"https:\/\/diarioregionaldigital.com.br\/index.php?rest_route=\/wp\/v2\/posts\/89409","targetHints":{"allow":["GET"]}}],"collection":[{"href":"https:\/\/diarioregionaldigital.com.br\/index.php?rest_route=\/wp\/v2\/posts"}],"about":[{"href":"https:\/\/diarioregionaldigital.com.br\/index.php?rest_route=\/wp\/v2\/types\/post"}],"author":[{"embeddable":true,"href":"https:\/\/diarioregionaldigital.com.br\/index.php?rest_route=\/wp\/v2\/users\/96"}],"replies":[{"embeddable":true,"href":"https:\/\/diarioregionaldigital.com.br\/index.php?rest_route=%2Fwp%2Fv2%2Fcomments&post=89409"}],"version-history":[{"count":0,"href":"https:\/\/diarioregionaldigital.com.br\/index.php?rest_route=\/wp\/v2\/posts\/89409\/revisions"}],"wp:featuredmedia":[{"embeddable":true,"href":"https:\/\/diarioregionaldigital.com.br\/index.php?rest_route=\/wp\/v2\/media\/89408"}],"wp:attachment":[{"href":"https:\/\/diarioregionaldigital.com.br\/index.php?rest_route=%2Fwp%2Fv2%2Fmedia&parent=89409"}],"wp:term":[{"taxonomy":"category","embeddable":true,"href":"https:\/\/diarioregionaldigital.com.br\/index.php?rest_route=%2Fwp%2Fv2%2Fcategories&post=89409"},{"taxonomy":"post_tag","embeddable":true,"href":"https:\/\/diarioregionaldigital.com.br\/index.php?rest_route=%2Fwp%2Fv2%2Ftags&post=89409"}],"curies":[{"name":"wp","href":"https:\/\/api.w.org\/{rel}","templated":true}]}}