{"id":89405,"date":"2018-01-12T16:46:58","date_gmt":"2018-01-12T18:46:58","guid":{"rendered":"http:\/\/diarioregionaljf.com.br\/2018\/01\/12\/fiemg-regional-zm-oferece-treinamento-sobre-novas-regras-2018-do-simples-nacional\/"},"modified":"2018-01-12T16:46:58","modified_gmt":"2018-01-12T18:46:58","slug":"fiemg-regional-zm-oferece-treinamento-sobre-novas-regras-2018-do-simples-nacional","status":"publish","type":"post","link":"https:\/\/diarioregionaldigital.com.br\/?p=89405","title":{"rendered":"FIEMG Regional ZM oferece treinamento sobre novas regras 2018 do Simples Nacional"},"content":{"rendered":"<p>A FIEMG Regional Zona da Mata oferecer\u00e1 ao longo de 2018 uma s\u00e9rie de treinamentos e o primeiro deles acontece na pr\u00f3xima semana, dia 17\/01, com o tema &#8220;Novas Regras 2018 do Simples Nacional&#8221;.<\/p>\n<p>Assunto que normalmente gera d\u00favidas aos empres\u00e1rios, o regime compartilhado de arrecada\u00e7\u00e3o, cobran\u00e7a e fiscaliza\u00e7\u00e3o de tributos aplic\u00e1vel \u00e0s Microempresas e Empresas de Pequeno Porte, chamado de Simples Nacional, inicia 2018 j\u00e1 com altera\u00e7\u00f5es. Uma das grandes mudan\u00e7as que poder\u00e1 ter impacto na vida de todos \u00e9 o limite de faturamento, e as empresas que excederem esse limite estar\u00e3o sujeitas \u00e0s multas.<\/p>\n<p>Para esclare\u00e7as sobre essa e outras mudan\u00e7as, o treinamento oferecido na FIEMG Regional Zona da Mata ir\u00e1 orientar os profissionais quanto a obriga\u00e7\u00f5es acess\u00f3rias; compensa\u00e7\u00e3o e restitui\u00e7\u00e3o; atividades amb\u00edguas; infra\u00e7\u00f5es e penalidades; amplia\u00e7\u00e3o de prazo de parcelamento de d\u00edvidas tribut\u00e1rias, entre outros t\u00f3picos. Os conhecimentos ser\u00e3o transmitidos pela advogada e contadora tribut\u00e1ria, Daniela Rezende.<\/p>\n<p>Outras informa\u00e7\u00f5es e inscri\u00e7\u00f5es para esse e outros treinamentos podem ser obtidas atrav\u00e9s do telefone (32) 3249-1028 ou e-mail relacoeszm@fiemg.com.br. O investimento para o treinamento &#8220;Novas regras 2018 do Simples Nacional&#8221; \u00e9 de R$180,00 para associados aos Sindicatos FIEMG e R$195,00 para os demais interessados. As inscri\u00e7\u00f5es s\u00e3o limitadas.<\/p>\n<hr \/>\n<p>&nbsp;Fonte: Assessoria<\/p>\n","protected":false},"excerpt":{"rendered":"<p>A FIEMG Regional Zona da Mata oferecer\u00e1 ao longo de 2018 uma s\u00e9rie de treinamentos e o primeiro deles acontece na pr\u00f3xima semana, dia 17\/01, com o tema &#8220;Novas Regras 2018 do Simples Nacional&#8221;. Assunto que normalmente gera d\u00favidas aos empres\u00e1rios, o regime compartilhado de arrecada\u00e7\u00e3o, cobran\u00e7a e fiscaliza\u00e7\u00e3o de tributos aplic\u00e1vel \u00e0s Microempresas e [&hellip;]<\/p>\n","protected":false},"author":96,"featured_media":89404,"comment_status":"closed","ping_status":"closed","sticky":false,"template":"","format":"standard","meta":{"footnotes":""},"categories":[261],"tags":[],"class_list":["post-89405","post","type-post","status-publish","format-standard","has-post-thumbnail","hentry","category-economia"],"_links":{"self":[{"href":"https:\/\/diarioregionaldigital.com.br\/index.php?rest_route=\/wp\/v2\/posts\/89405","targetHints":{"allow":["GET"]}}],"collection":[{"href":"https:\/\/diarioregionaldigital.com.br\/index.php?rest_route=\/wp\/v2\/posts"}],"about":[{"href":"https:\/\/diarioregionaldigital.com.br\/index.php?rest_route=\/wp\/v2\/types\/post"}],"author":[{"embeddable":true,"href":"https:\/\/diarioregionaldigital.com.br\/index.php?rest_route=\/wp\/v2\/users\/96"}],"replies":[{"embeddable":true,"href":"https:\/\/diarioregionaldigital.com.br\/index.php?rest_route=%2Fwp%2Fv2%2Fcomments&post=89405"}],"version-history":[{"count":0,"href":"https:\/\/diarioregionaldigital.com.br\/index.php?rest_route=\/wp\/v2\/posts\/89405\/revisions"}],"wp:featuredmedia":[{"embeddable":true,"href":"https:\/\/diarioregionaldigital.com.br\/index.php?rest_route=\/wp\/v2\/media\/89404"}],"wp:attachment":[{"href":"https:\/\/diarioregionaldigital.com.br\/index.php?rest_route=%2Fwp%2Fv2%2Fmedia&parent=89405"}],"wp:term":[{"taxonomy":"category","embeddable":true,"href":"https:\/\/diarioregionaldigital.com.br\/index.php?rest_route=%2Fwp%2Fv2%2Fcategories&post=89405"},{"taxonomy":"post_tag","embeddable":true,"href":"https:\/\/diarioregionaldigital.com.br\/index.php?rest_route=%2Fwp%2Fv2%2Ftags&post=89405"}],"curies":[{"name":"wp","href":"https:\/\/api.w.org\/{rel}","templated":true}]}}