{"id":89403,"date":"2018-01-12T16:42:12","date_gmt":"2018-01-12T18:42:12","guid":{"rendered":"http:\/\/diarioregionaljf.com.br\/2018\/01\/12\/cesama-realiza-travessia-da-rede-de-agua-da-rua-santo-antonio-neste-final-de-semana\/"},"modified":"2018-01-12T16:42:12","modified_gmt":"2018-01-12T18:42:12","slug":"cesama-realiza-travessia-da-rede-de-agua-da-rua-santo-antonio-neste-final-de-semana","status":"publish","type":"post","link":"https:\/\/diarioregionaldigital.com.br\/?p=89403","title":{"rendered":"Cesama realiza travessia da rede de \u00e1gua da Rua Santo Ant\u00f4nio neste final de semana"},"content":{"rendered":"<p>No s\u00e1bado e domingo, 13 e 14, a Companhia de Saneamento Municipal (Cesama) executar\u00e1 a travessia da nova rede de \u00e1gua da Rua Santo Ant\u00f4nio, entre as ruas Benjamin Constant e Luiz Perry, no Centro. A a\u00e7\u00e3o faz parte de um projeto de remodela\u00e7\u00e3o do sistema de abastecimento da \u00e1rea central da cidade, a fim de modernizar e melhorar o fornecimento de \u00e1gua.<\/p>\n<p>Para a execu\u00e7\u00e3o dos servi\u00e7os, ser\u00e1 preciso interditar parcialmente o tr\u00e2nsito no trecho. Assim, a Cesama solicita que, se poss\u00edvel, os moradores retirem seus ve\u00edculos da garagem antes do in\u00edcio dos trabalhos. A previs\u00e3o \u00e9 de que a interven\u00e7\u00e3o seja conclu\u00edda no domingo, 14.<\/p>\n<p>As a\u00e7\u00f5es de remodela\u00e7\u00e3o s\u00e3o realizadas ao longo de todo o ano, seguindo programa\u00e7\u00e3o de prioridades, quando \u00e9 avaliada a necessidade de troca. Esta an\u00e1lise leva em conta a antiguidade e o desgaste do material, o fato de o dimensionamento da tubula\u00e7\u00e3o j\u00e1 n\u00e3o ser compat\u00edvel com o n\u00famero de im\u00f3veis atendidos e os transtornos causados aos usu\u00e1rios do sistema, al\u00e9m dos custos de manuten\u00e7\u00e3o.<\/p>\n<hr \/>\n<p>&nbsp;Fonte: Assessoria\/PJF<\/p>\n","protected":false},"excerpt":{"rendered":"<p>No s\u00e1bado e domingo, 13 e 14, a Companhia de Saneamento Municipal (Cesama) executar\u00e1 a travessia da nova rede de \u00e1gua da Rua Santo Ant\u00f4nio, entre as ruas Benjamin Constant e Luiz Perry, no Centro. A a\u00e7\u00e3o faz parte de um projeto de remodela\u00e7\u00e3o do sistema de abastecimento da \u00e1rea central da cidade, a fim [&hellip;]<\/p>\n","protected":false},"author":96,"featured_media":89402,"comment_status":"closed","ping_status":"closed","sticky":false,"template":"","format":"standard","meta":{"footnotes":""},"categories":[253],"tags":[],"class_list":["post-89403","post","type-post","status-publish","format-standard","has-post-thumbnail","hentry","category-cidade"],"_links":{"self":[{"href":"https:\/\/diarioregionaldigital.com.br\/index.php?rest_route=\/wp\/v2\/posts\/89403","targetHints":{"allow":["GET"]}}],"collection":[{"href":"https:\/\/diarioregionaldigital.com.br\/index.php?rest_route=\/wp\/v2\/posts"}],"about":[{"href":"https:\/\/diarioregionaldigital.com.br\/index.php?rest_route=\/wp\/v2\/types\/post"}],"author":[{"embeddable":true,"href":"https:\/\/diarioregionaldigital.com.br\/index.php?rest_route=\/wp\/v2\/users\/96"}],"replies":[{"embeddable":true,"href":"https:\/\/diarioregionaldigital.com.br\/index.php?rest_route=%2Fwp%2Fv2%2Fcomments&post=89403"}],"version-history":[{"count":0,"href":"https:\/\/diarioregionaldigital.com.br\/index.php?rest_route=\/wp\/v2\/posts\/89403\/revisions"}],"wp:featuredmedia":[{"embeddable":true,"href":"https:\/\/diarioregionaldigital.com.br\/index.php?rest_route=\/wp\/v2\/media\/89402"}],"wp:attachment":[{"href":"https:\/\/diarioregionaldigital.com.br\/index.php?rest_route=%2Fwp%2Fv2%2Fmedia&parent=89403"}],"wp:term":[{"taxonomy":"category","embeddable":true,"href":"https:\/\/diarioregionaldigital.com.br\/index.php?rest_route=%2Fwp%2Fv2%2Fcategories&post=89403"},{"taxonomy":"post_tag","embeddable":true,"href":"https:\/\/diarioregionaldigital.com.br\/index.php?rest_route=%2Fwp%2Fv2%2Ftags&post=89403"}],"curies":[{"name":"wp","href":"https:\/\/api.w.org\/{rel}","templated":true}]}}