{"id":89401,"date":"2018-01-12T16:38:47","date_gmt":"2018-01-12T18:38:47","guid":{"rendered":"http:\/\/diarioregionaljf.com.br\/2018\/01\/12\/museu-ferroviario-promove-exibicoes-gratuitas-de-filmes\/"},"modified":"2018-01-12T16:38:47","modified_gmt":"2018-01-12T18:38:47","slug":"museu-ferroviario-promove-exibicoes-gratuitas-de-filmes","status":"publish","type":"post","link":"https:\/\/diarioregionaldigital.com.br\/?p=89401","title":{"rendered":"Museu Ferrovi\u00e1rio promove exibi\u00e7\u00f5es gratuitas de filmes"},"content":{"rendered":"<p>Duas semanas repletas de atividades culturais para a popula\u00e7\u00e3o durante o per\u00edodo de f\u00e9rias. A partir da pr\u00f3xima semana, o Museu Ferrovi\u00e1rio de Juiz de Fora (Av. Brasil, 2001, Centro) estreia dois projetos audiovisuais, que integram a programa\u00e7\u00e3o especial de janeiro. Um deles \u00e9 o \u201cCineclubinho\u201d, que come\u00e7a sua temporada com a exibi\u00e7\u00e3o do filme \u201cO Poderoso Chefinho\u201d, na segunda-feira, 15, \u00e0s 14 horas.<\/p>\n<p>As sess\u00f5es s\u00e3o gratuitas e seguem at\u00e9 o dia 26, sempre de segunda a sexta-feira, no mesmo hor\u00e1rio. Na programa\u00e7\u00e3o (que pode ser conferida abaixo), est\u00e3o anima\u00e7\u00f5es internacionais e duas produ\u00e7\u00f5es brasileiras: \u201cDetetives do Pr\u00e9dio Azul &#8211; DPA\u201d e \u201cO Menino e o Mundo\u201d. \u00c9 necess\u00e1rio que os pais ou respons\u00e1veis aguardem as crian\u00e7as durante as sess\u00f5es. N\u00e3o ser\u00e1 permitida a perman\u00eancia de menores desacompanhados.<\/p>\n<p>Outra novidade no espa\u00e7o ser\u00e1 o \u201cCineclube Canguru\u201d, que acontecer\u00e1 mensalmente no Museu, com sess\u00f5es para que pais, m\u00e3es e respons\u00e1veis, possam levar seus filhos pequenos. O primeiro est\u00e1 marcado para o dia 20, \u00e0s 10 horas, com exibi\u00e7\u00e3o do document\u00e1rio brasileiro \u201cMuito Al\u00e9m do Peso\u201d, que fala sobre a qualidade da alimenta\u00e7\u00e3o infantil. Ap\u00f3s a exibi\u00e7\u00e3o, ser\u00e1 realizada conversa sobre o tema com Thais Ventura, m\u00e3e e autora do blog \u201cAs Del\u00edcias do Dudu e da Annie\u201d, e Juliana Ara\u00fajo, m\u00e3e, jornalista e uma das criadoras da p\u00e1gina do Facebook \u201cInhami Inhami\u201d.<\/p>\n<p>De acordo com o diretor do Museu, Luiz Fernando Priamo, a ideia de exibir filmes no Museu retoma os princ\u00edpios da d\u00e9cada de 1980, quando o espa\u00e7o ainda era N\u00facleo Ferrovi\u00e1rio. \u201cA Funalfa, em parceria com a Rede Ferrovi\u00e1ria, realizava sess\u00f5es de cinema por aqui.<\/p>\n<p>Mesmo depois de se tornar Museu, em 2003, o espa\u00e7o ainda teve diversas experi\u00eancias positivas com audiovisual, mas estavam paradas h\u00e1 algum tempo. Com as f\u00e9rias de janeiro, o local se torna cen\u00e1rio perfeito para que toda fam\u00edlia possa aproveitar as tardes das f\u00e9rias assistindo a filmes. N\u00e3o tivemos d\u00favidas em retomar o cineclubismo\u201d, contou. A inten\u00e7\u00e3o, segundo Luiz, \u00e9 realizar, cada vez mais, sess\u00f5es gratuitas no local.<\/p>\n<h5>Programa\u00e7\u00e3o Cineclubinho<\/h5>\n<p>15\/01 \u2013 O Poderoso Chefinho<\/p>\n<p>16\/01 \u2013 Moana<\/p>\n<p>17\/01 \u2013 Trolls<\/p>\n<p>18\/01 \u2013 Sing \u2013 quem canta seus males espanta<\/p>\n<p>19\/01 \u2013 As Aventuras de Ozzy<\/p>\n<p>22\/01 \u2013 Minha Vida de Abobrinha<\/p>\n<p>23\/01 \u2013 Meu Malvado Favorito<\/p>\n<p>24\/01 \u2013 O Menino e o Mundo<\/p>\n<p>25\/01 \u2013 As Aventuras do Capit\u00e3o Cueca<\/p>\n<p>26\/01 \u2013 Detetives do Pr\u00e9dio Azul \u2013 DPA<\/p>\n<p>Todas as sess\u00f5es s\u00e3o gratuitas, com classifica\u00e7\u00e3o livre, e sujeitas \u00e0 lota\u00e7\u00e3o do local.<\/p>\n<hr \/>\n<p>&nbsp;Fonte: Assessoria\/PJF<\/p>\n","protected":false},"excerpt":{"rendered":"<p>Duas semanas repletas de atividades culturais para a popula\u00e7\u00e3o durante o per\u00edodo de f\u00e9rias. A partir da pr\u00f3xima semana, o Museu Ferrovi\u00e1rio de Juiz de Fora (Av. Brasil, 2001, Centro) estreia dois projetos audiovisuais, que integram a programa\u00e7\u00e3o especial de janeiro. Um deles \u00e9 o \u201cCineclubinho\u201d, que come\u00e7a sua temporada com a exibi\u00e7\u00e3o do filme [&hellip;]<\/p>\n","protected":false},"author":96,"featured_media":89400,"comment_status":"closed","ping_status":"closed","sticky":false,"template":"","format":"standard","meta":{"footnotes":""},"categories":[256],"tags":[],"class_list":["post-89401","post","type-post","status-publish","format-standard","has-post-thumbnail","hentry","category-cultura"],"_links":{"self":[{"href":"https:\/\/diarioregionaldigital.com.br\/index.php?rest_route=\/wp\/v2\/posts\/89401","targetHints":{"allow":["GET"]}}],"collection":[{"href":"https:\/\/diarioregionaldigital.com.br\/index.php?rest_route=\/wp\/v2\/posts"}],"about":[{"href":"https:\/\/diarioregionaldigital.com.br\/index.php?rest_route=\/wp\/v2\/types\/post"}],"author":[{"embeddable":true,"href":"https:\/\/diarioregionaldigital.com.br\/index.php?rest_route=\/wp\/v2\/users\/96"}],"replies":[{"embeddable":true,"href":"https:\/\/diarioregionaldigital.com.br\/index.php?rest_route=%2Fwp%2Fv2%2Fcomments&post=89401"}],"version-history":[{"count":0,"href":"https:\/\/diarioregionaldigital.com.br\/index.php?rest_route=\/wp\/v2\/posts\/89401\/revisions"}],"wp:featuredmedia":[{"embeddable":true,"href":"https:\/\/diarioregionaldigital.com.br\/index.php?rest_route=\/wp\/v2\/media\/89400"}],"wp:attachment":[{"href":"https:\/\/diarioregionaldigital.com.br\/index.php?rest_route=%2Fwp%2Fv2%2Fmedia&parent=89401"}],"wp:term":[{"taxonomy":"category","embeddable":true,"href":"https:\/\/diarioregionaldigital.com.br\/index.php?rest_route=%2Fwp%2Fv2%2Fcategories&post=89401"},{"taxonomy":"post_tag","embeddable":true,"href":"https:\/\/diarioregionaldigital.com.br\/index.php?rest_route=%2Fwp%2Fv2%2Ftags&post=89401"}],"curies":[{"name":"wp","href":"https:\/\/api.w.org\/{rel}","templated":true}]}}