{"id":89399,"date":"2018-01-12T16:35:17","date_gmt":"2018-01-12T18:35:17","guid":{"rendered":"http:\/\/diarioregionaljf.com.br\/2018\/01\/12\/assaltante-usa-de-forca-fisica-para-roubar-idosa-no-bairro-centenario\/"},"modified":"2018-01-12T16:35:17","modified_gmt":"2018-01-12T18:35:17","slug":"assaltante-usa-de-forca-fisica-para-roubar-idosa-no-bairro-centenario","status":"publish","type":"post","link":"https:\/\/diarioregionaldigital.com.br\/?p=89399","title":{"rendered":"Assaltante usa de for\u00e7a f\u00edsica para roubar idosa no bairro Centen\u00e1rio"},"content":{"rendered":"<p>Uma senhora de 61 anos foi assaltada no in\u00edcio da manh\u00e3 desta quinta-feira, 11, no bairro Centen\u00e1rio, localizado na zona Nordeste da cidade.<\/p>\n<p>Segundo informa\u00e7\u00f5es da Pol\u00edcia Militar (PM), a v\u00edtima encontrava-se na Rua Catulo Cearense, quando foi abordada por um indiv\u00edduo, que usando de for\u00e7a f\u00edsica roubou seu celular, quantia de R$60 e um molho de chaves.<\/p>\n<p>Ap\u00f3s o crime o autor fugiu e n\u00e3o foi localizado.<\/p>\n","protected":false},"excerpt":{"rendered":"<p>Uma senhora de 61 anos foi assaltada no in\u00edcio da manh\u00e3 desta quinta-feira, 11, no bairro Centen\u00e1rio, localizado na zona Nordeste da cidade. Segundo informa\u00e7\u00f5es da Pol\u00edcia Militar (PM), a v\u00edtima encontrava-se na Rua Catulo Cearense, quando foi abordada por um indiv\u00edduo, que usando de for\u00e7a f\u00edsica roubou seu celular, quantia de R$60 e um [&hellip;]<\/p>\n","protected":false},"author":96,"featured_media":89398,"comment_status":"closed","ping_status":"closed","sticky":false,"template":"","format":"standard","meta":{"footnotes":""},"categories":[301],"tags":[],"class_list":["post-89399","post","type-post","status-publish","format-standard","has-post-thumbnail","hentry","category-artigos-policiais"],"_links":{"self":[{"href":"https:\/\/diarioregionaldigital.com.br\/index.php?rest_route=\/wp\/v2\/posts\/89399","targetHints":{"allow":["GET"]}}],"collection":[{"href":"https:\/\/diarioregionaldigital.com.br\/index.php?rest_route=\/wp\/v2\/posts"}],"about":[{"href":"https:\/\/diarioregionaldigital.com.br\/index.php?rest_route=\/wp\/v2\/types\/post"}],"author":[{"embeddable":true,"href":"https:\/\/diarioregionaldigital.com.br\/index.php?rest_route=\/wp\/v2\/users\/96"}],"replies":[{"embeddable":true,"href":"https:\/\/diarioregionaldigital.com.br\/index.php?rest_route=%2Fwp%2Fv2%2Fcomments&post=89399"}],"version-history":[{"count":0,"href":"https:\/\/diarioregionaldigital.com.br\/index.php?rest_route=\/wp\/v2\/posts\/89399\/revisions"}],"wp:featuredmedia":[{"embeddable":true,"href":"https:\/\/diarioregionaldigital.com.br\/index.php?rest_route=\/wp\/v2\/media\/89398"}],"wp:attachment":[{"href":"https:\/\/diarioregionaldigital.com.br\/index.php?rest_route=%2Fwp%2Fv2%2Fmedia&parent=89399"}],"wp:term":[{"taxonomy":"category","embeddable":true,"href":"https:\/\/diarioregionaldigital.com.br\/index.php?rest_route=%2Fwp%2Fv2%2Fcategories&post=89399"},{"taxonomy":"post_tag","embeddable":true,"href":"https:\/\/diarioregionaldigital.com.br\/index.php?rest_route=%2Fwp%2Fv2%2Ftags&post=89399"}],"curies":[{"name":"wp","href":"https:\/\/api.w.org\/{rel}","templated":true}]}}