{"id":89397,"date":"2018-01-12T16:33:09","date_gmt":"2018-01-12T18:33:09","guid":{"rendered":"http:\/\/diarioregionaljf.com.br\/2018\/01\/12\/settra-disponibiliza-onibus-extras-para-evento-na-comunidade-resgate-2\/"},"modified":"2018-01-12T16:33:09","modified_gmt":"2018-01-12T18:33:09","slug":"settra-disponibiliza-onibus-extras-para-evento-na-comunidade-resgate-2","status":"publish","type":"post","link":"https:\/\/diarioregionaldigital.com.br\/?p=89397","title":{"rendered":"Settra disponibiliza \u00f4nibus extras para evento na \u201cComunidade Resgate\u201d"},"content":{"rendered":"<p>Para atender ao encontro \u201cCura a Minha Fam\u00edlia, Senhor\u201d, na \u201cComunidade Resgate\u201d, no Bairro Floresta, a Secretaria de Transporte e Tr\u00e2nsito (Settra), da Prefeitura de Juiz de Fora (PJF), disponibilizar\u00e1 nesse domingo, 14, \u00f4nibus extras com destino \u00e0 Fazenda \u201cS\u00e3o Fid\u00e9lis\u201d. Ser\u00e3o oito hor\u00e1rios com sa\u00edda do Centro e seis do bairro. A linha 380 estar\u00e1 devidamente identificada como \u201cComunidade Resgate\u201d, e ser\u00e1 cobrada tarifa normal, no valor de R$3,10.<\/p>\n<p>Sa\u00eddas do Centro: 8 horas, 9 horas, 10 horas, 11 horas, 12 horas, 13 horas, 14 horas, 15 horas.<\/p>\n<p>Sa\u00eddas da \u201cResgate\u201d: 9 horas, 10 horas, 11 horas, 12 horas, 13 horas, 14 horas.<\/p>\n<p>Itiner\u00e1rio sentido Centro\/Floresta: ruas da Bahia, \u00c2ngelo Falci e Jo\u00e3o Pessoa de Rezende, Avenida Francisco Bernardino, Rua S\u00e3o Sebasti\u00e3o, Avenida Presidente Get\u00falio Vargas, ruas Esp\u00edrito Santo e Os\u00f3rio de Almeida, Avenida Francisco Valadares, Estrada Uni\u00e3o e Ind\u00fastria, Trevo para Bicas, Avenida Doutor Francisco Alvares de Assis e BR-267.<\/p>\n<hr \/>\n<p>&nbsp;Fonte: Assessoria<\/p>\n","protected":false},"excerpt":{"rendered":"<p>Para atender ao encontro \u201cCura a Minha Fam\u00edlia, Senhor\u201d, na \u201cComunidade Resgate\u201d, no Bairro Floresta, a Secretaria de Transporte e Tr\u00e2nsito (Settra), da Prefeitura de Juiz de Fora (PJF), disponibilizar\u00e1 nesse domingo, 14, \u00f4nibus extras com destino \u00e0 Fazenda \u201cS\u00e3o Fid\u00e9lis\u201d. Ser\u00e3o oito hor\u00e1rios com sa\u00edda do Centro e seis do bairro. A linha 380 [&hellip;]<\/p>\n","protected":false},"author":96,"featured_media":89396,"comment_status":"closed","ping_status":"closed","sticky":false,"template":"","format":"standard","meta":{"footnotes":""},"categories":[253],"tags":[],"class_list":["post-89397","post","type-post","status-publish","format-standard","has-post-thumbnail","hentry","category-cidade"],"_links":{"self":[{"href":"https:\/\/diarioregionaldigital.com.br\/index.php?rest_route=\/wp\/v2\/posts\/89397","targetHints":{"allow":["GET"]}}],"collection":[{"href":"https:\/\/diarioregionaldigital.com.br\/index.php?rest_route=\/wp\/v2\/posts"}],"about":[{"href":"https:\/\/diarioregionaldigital.com.br\/index.php?rest_route=\/wp\/v2\/types\/post"}],"author":[{"embeddable":true,"href":"https:\/\/diarioregionaldigital.com.br\/index.php?rest_route=\/wp\/v2\/users\/96"}],"replies":[{"embeddable":true,"href":"https:\/\/diarioregionaldigital.com.br\/index.php?rest_route=%2Fwp%2Fv2%2Fcomments&post=89397"}],"version-history":[{"count":0,"href":"https:\/\/diarioregionaldigital.com.br\/index.php?rest_route=\/wp\/v2\/posts\/89397\/revisions"}],"wp:featuredmedia":[{"embeddable":true,"href":"https:\/\/diarioregionaldigital.com.br\/index.php?rest_route=\/wp\/v2\/media\/89396"}],"wp:attachment":[{"href":"https:\/\/diarioregionaldigital.com.br\/index.php?rest_route=%2Fwp%2Fv2%2Fmedia&parent=89397"}],"wp:term":[{"taxonomy":"category","embeddable":true,"href":"https:\/\/diarioregionaldigital.com.br\/index.php?rest_route=%2Fwp%2Fv2%2Fcategories&post=89397"},{"taxonomy":"post_tag","embeddable":true,"href":"https:\/\/diarioregionaldigital.com.br\/index.php?rest_route=%2Fwp%2Fv2%2Ftags&post=89397"}],"curies":[{"name":"wp","href":"https:\/\/api.w.org\/{rel}","templated":true}]}}