{"id":89395,"date":"2018-01-12T16:25:17","date_gmt":"2018-01-12T18:25:17","guid":{"rendered":"http:\/\/diarioregionaljf.com.br\/2018\/01\/12\/divulgacao-do-resultado-do-enem-e-antecipada-para-18-de-janeiro\/"},"modified":"2018-01-12T16:25:17","modified_gmt":"2018-01-12T18:25:17","slug":"divulgacao-do-resultado-do-enem-e-antecipada-para-18-de-janeiro","status":"publish","type":"post","link":"https:\/\/diarioregionaldigital.com.br\/?p=89395","title":{"rendered":"Divulga\u00e7\u00e3o do resultado do Enem \u00e9 antecipada para 18 de janeiro"},"content":{"rendered":"<p>O Minist\u00e9rio da Educa\u00e7\u00e3o antecipou em um dia a divulga\u00e7\u00e3o do resultado do Exame Nacional do Ensino M\u00e9dio (Enem) 2017. A partir de 18 de janeiro os estudantes poder\u00e3o consultar os resultados individuais na P\u00e1gina do Participante, na internet. A nova data foi divulgada nesta sexta-feira, 12, pelo Instituto Nacional de Estudos e Pesquisas Educacionais An\u00edsio Teixeira (Inep).<\/p>\n<p>\u00c9 necess\u00e1rio informar o CPF e a senha cadastrada no momento da inscri\u00e7\u00e3o no Enem. Quem n\u00e3o se lembra da senha pode recuper\u00e1-la na P\u00e1gina do Participante. \u00c9 com ela que o estudante tamb\u00e9m ter\u00e1 acesso ao Sistema de Sele\u00e7\u00e3o Unificada (Sisu), que ficar\u00e1 aberto de 29 de janeiro a 1\u00ba de fevereiro.<\/p>\n<p>Os resultados dos participantes com menos de 18 anos, comumente chamados de treineiros, ser\u00e3o liberados 60 dias depois da divulga\u00e7\u00e3o regular. O mesmo prazo vale para os espelhos de corre\u00e7\u00e3o das reda\u00e7\u00f5es. O acesso ao espelho de corre\u00e7\u00e3o \u00e9 uma forma de o participante saber como se saiu em cada uma das cinco compet\u00eancias avaliadas pela prova.<\/p>\n<p>Os estudantes podem usar o resultado das provas do Enem em processos seletivos para vagas no ensino p\u00fablico superior, pelo Sisu, para bolsas de estudo em institui\u00e7\u00f5es privadas, pelo Programa Universidade para Todos (ProUni) e para obter financiamento pelo Fundo de Financiamento Estudantil (Fies).<\/p>\n<hr \/>\n<p>&nbsp;Fonte: Ag\u00eancia Brasil<\/p>\n","protected":false},"excerpt":{"rendered":"<p>O Minist\u00e9rio da Educa\u00e7\u00e3o antecipou em um dia a divulga\u00e7\u00e3o do resultado do Exame Nacional do Ensino M\u00e9dio (Enem) 2017. A partir de 18 de janeiro os estudantes poder\u00e3o consultar os resultados individuais na P\u00e1gina do Participante, na internet. A nova data foi divulgada nesta sexta-feira, 12, pelo Instituto Nacional de Estudos e Pesquisas Educacionais [&hellip;]<\/p>\n","protected":false},"author":96,"featured_media":89394,"comment_status":"closed","ping_status":"closed","sticky":false,"template":"","format":"standard","meta":{"footnotes":""},"categories":[302],"tags":[],"class_list":["post-89395","post","type-post","status-publish","format-standard","has-post-thumbnail","hentry","category-brasil-mundo"],"_links":{"self":[{"href":"https:\/\/diarioregionaldigital.com.br\/index.php?rest_route=\/wp\/v2\/posts\/89395","targetHints":{"allow":["GET"]}}],"collection":[{"href":"https:\/\/diarioregionaldigital.com.br\/index.php?rest_route=\/wp\/v2\/posts"}],"about":[{"href":"https:\/\/diarioregionaldigital.com.br\/index.php?rest_route=\/wp\/v2\/types\/post"}],"author":[{"embeddable":true,"href":"https:\/\/diarioregionaldigital.com.br\/index.php?rest_route=\/wp\/v2\/users\/96"}],"replies":[{"embeddable":true,"href":"https:\/\/diarioregionaldigital.com.br\/index.php?rest_route=%2Fwp%2Fv2%2Fcomments&post=89395"}],"version-history":[{"count":0,"href":"https:\/\/diarioregionaldigital.com.br\/index.php?rest_route=\/wp\/v2\/posts\/89395\/revisions"}],"wp:featuredmedia":[{"embeddable":true,"href":"https:\/\/diarioregionaldigital.com.br\/index.php?rest_route=\/wp\/v2\/media\/89394"}],"wp:attachment":[{"href":"https:\/\/diarioregionaldigital.com.br\/index.php?rest_route=%2Fwp%2Fv2%2Fmedia&parent=89395"}],"wp:term":[{"taxonomy":"category","embeddable":true,"href":"https:\/\/diarioregionaldigital.com.br\/index.php?rest_route=%2Fwp%2Fv2%2Fcategories&post=89395"},{"taxonomy":"post_tag","embeddable":true,"href":"https:\/\/diarioregionaldigital.com.br\/index.php?rest_route=%2Fwp%2Fv2%2Ftags&post=89395"}],"curies":[{"name":"wp","href":"https:\/\/api.w.org\/{rel}","templated":true}]}}