{"id":89393,"date":"2018-01-12T16:19:15","date_gmt":"2018-01-12T18:19:15","guid":{"rendered":"http:\/\/diarioregionaljf.com.br\/2018\/01\/12\/febre-amarela-mata-morador-de-teresopolis-no-rj\/"},"modified":"2018-01-12T16:19:15","modified_gmt":"2018-01-12T18:19:15","slug":"febre-amarela-mata-morador-de-teresopolis-no-rj","status":"publish","type":"post","link":"https:\/\/diarioregionaldigital.com.br\/?p=89393","title":{"rendered":"Febre amarela mata morador de Teres\u00f3polis no RJ"},"content":{"rendered":"<p>A Secretaria de Sa\u00fade do Estado do Rio de Janeiro informou hoje, 12, que foram confirmados dois casos de febre amarela em humanos no interior do estado.<\/p>\n<p>Um morador de Teres\u00f3polis, na regi\u00e3o serrana, a 96 quil\u00f4metros do Rio, morreu e o outro paciente, residente em Valen\u00e7a, est\u00e1 internado. Os casos foram confirmados ontem, 11, ap\u00f3s exames laboratoriais feitos pela Funda\u00e7\u00e3o Oswaldo Cruz (Fiocruz).<\/p>\n<p>Em nota, a secretaria esclarece que a cobertura vacinal em Teres\u00f3polis e Valen\u00e7a \u00e9 superior a 80% e j\u00e1 disponibilizou doses suficientes para vacinar 100% da popula\u00e7\u00e3o das duas cidades. Ela recomendou \u00e0s prefeituras que intensifiquem a vacina\u00e7\u00e3o, especialmente nas \u00e1reas de mata.<\/p>\n<h4>Cintur\u00f5es de bloqueio<\/h4>\n<p>Desde janeiro de 2017, a Secretaria de Sa\u00fade vem adotando medidas preventivas e, antes mesmo de registrar os primeiros casos no estado, iniciou a cria\u00e7\u00e3o de cintur\u00f5es de bloqueio, recomendando a vacina\u00e7\u00e3o contra a febre amarela principalmente em munic\u00edpios situados na divisa com Esp\u00edrito Santo e Minas Gerais (\u00e1reas de risco para a doen\u00e7a).<\/p>\n<p>Desde julho do ano passado, todas as 92 cidades do estado j\u00e1 est\u00e3o inclu\u00eddas na \u00e1rea de recomenda\u00e7\u00e3o da vacina e a campanha de vacina\u00e7\u00e3o \u00e9 realizada. A subsecretaria de Vigil\u00e2ncia em Sa\u00fade vem fazendo reuni\u00f5es mensais com os secret\u00e1rios de sa\u00fade dos munic\u00edpios para acompanhar a situa\u00e7\u00e3o vacinal e o desenvolvimento da doen\u00e7a.<\/p>\n<p>Os casos registrados at\u00e9 agora s\u00e3o do tipo silvestre, transmitido pelas esp\u00e9cies de mosquito Haemagogus e Sabeths, presentes em \u00e1reas de mata. N\u00e3o h\u00e1 registro da forma urbana da doen\u00e7a, transmitida pelo Aedes aegypti desde 1942.<\/p>\n<p>A secretaria refor\u00e7ou a import\u00e2ncia de as pessoas que ainda n\u00e3o se vacinaram buscarem um posto de sa\u00fade onde ser\u00e3o imunizadas.<\/p>\n<hr \/>\n<p>&nbsp;Fonte: Ag\u00eancia Brasil<\/p>\n","protected":false},"excerpt":{"rendered":"<p>A Secretaria de Sa\u00fade do Estado do Rio de Janeiro informou hoje, 12, que foram confirmados dois casos de febre amarela em humanos no interior do estado. Um morador de Teres\u00f3polis, na regi\u00e3o serrana, a 96 quil\u00f4metros do Rio, morreu e o outro paciente, residente em Valen\u00e7a, est\u00e1 internado. Os casos foram confirmados ontem, 11, [&hellip;]<\/p>\n","protected":false},"author":96,"featured_media":89392,"comment_status":"closed","ping_status":"closed","sticky":false,"template":"","format":"standard","meta":{"footnotes":""},"categories":[302],"tags":[],"class_list":["post-89393","post","type-post","status-publish","format-standard","has-post-thumbnail","hentry","category-brasil-mundo"],"_links":{"self":[{"href":"https:\/\/diarioregionaldigital.com.br\/index.php?rest_route=\/wp\/v2\/posts\/89393","targetHints":{"allow":["GET"]}}],"collection":[{"href":"https:\/\/diarioregionaldigital.com.br\/index.php?rest_route=\/wp\/v2\/posts"}],"about":[{"href":"https:\/\/diarioregionaldigital.com.br\/index.php?rest_route=\/wp\/v2\/types\/post"}],"author":[{"embeddable":true,"href":"https:\/\/diarioregionaldigital.com.br\/index.php?rest_route=\/wp\/v2\/users\/96"}],"replies":[{"embeddable":true,"href":"https:\/\/diarioregionaldigital.com.br\/index.php?rest_route=%2Fwp%2Fv2%2Fcomments&post=89393"}],"version-history":[{"count":0,"href":"https:\/\/diarioregionaldigital.com.br\/index.php?rest_route=\/wp\/v2\/posts\/89393\/revisions"}],"wp:featuredmedia":[{"embeddable":true,"href":"https:\/\/diarioregionaldigital.com.br\/index.php?rest_route=\/wp\/v2\/media\/89392"}],"wp:attachment":[{"href":"https:\/\/diarioregionaldigital.com.br\/index.php?rest_route=%2Fwp%2Fv2%2Fmedia&parent=89393"}],"wp:term":[{"taxonomy":"category","embeddable":true,"href":"https:\/\/diarioregionaldigital.com.br\/index.php?rest_route=%2Fwp%2Fv2%2Fcategories&post=89393"},{"taxonomy":"post_tag","embeddable":true,"href":"https:\/\/diarioregionaldigital.com.br\/index.php?rest_route=%2Fwp%2Fv2%2Ftags&post=89393"}],"curies":[{"name":"wp","href":"https:\/\/api.w.org\/{rel}","templated":true}]}}