{"id":89391,"date":"2018-01-12T16:12:37","date_gmt":"2018-01-12T18:12:37","guid":{"rendered":"http:\/\/diarioregionaljf.com.br\/2018\/01\/12\/precos-da-gasolina-e-do-diesel-sobem-hoje-nas-refinarias\/"},"modified":"2018-01-12T16:12:37","modified_gmt":"2018-01-12T18:12:37","slug":"precos-da-gasolina-e-do-diesel-sobem-hoje-nas-refinarias","status":"publish","type":"post","link":"https:\/\/diarioregionaldigital.com.br\/?p=89391","title":{"rendered":"Pre\u00e7os da gasolina e do diesel sobem hoje nas refinarias"},"content":{"rendered":"<p>Os pre\u00e7os da gasolina e do diesel &#8211; comercializados nas refinarias \u2013 aumentaram nesta sexta-feira, 12, 1,4% e 0,7% respectivamente, de acordo com informa\u00e7\u00e3o da Petrobras.<\/p>\n<p>Para este s\u00e1bado, 13, a empresa j\u00e1 anunciou nova varia\u00e7\u00e3o nos pre\u00e7os dos dois combust\u00edveis: a gasolina e o diesel ter\u00e3o redu\u00e7\u00e3o de 0,7%.<\/p>\n<p>As varia\u00e7\u00f5es de pre\u00e7o fazem parte de reajustes frequentes praticados pela Petrobras, \u201cem busca de converg\u00eancia no curto prazo com a paridade do mercado internacional\u201d, segundo a estatal.<\/p>\n<p>O pre\u00e7o final ao consumidor, nas bombas, depender\u00e1 de cada empresa revendedora e dos pr\u00f3prios postos de combust\u00edveis. O hist\u00f3rico das \u00faltimas varia\u00e7\u00f5es praticadas pela Petrobras est\u00e1 dispon\u00edvel na p\u00e1gina da estatal na internet.<\/p>\n<hr \/>\n<p>&nbsp;Fonte: Ag\u00eancia Brasil<\/p>\n","protected":false},"excerpt":{"rendered":"<p>Os pre\u00e7os da gasolina e do diesel &#8211; comercializados nas refinarias \u2013 aumentaram nesta sexta-feira, 12, 1,4% e 0,7% respectivamente, de acordo com informa\u00e7\u00e3o da Petrobras. Para este s\u00e1bado, 13, a empresa j\u00e1 anunciou nova varia\u00e7\u00e3o nos pre\u00e7os dos dois combust\u00edveis: a gasolina e o diesel ter\u00e3o redu\u00e7\u00e3o de 0,7%. As varia\u00e7\u00f5es de pre\u00e7o fazem [&hellip;]<\/p>\n","protected":false},"author":96,"featured_media":89390,"comment_status":"closed","ping_status":"closed","sticky":false,"template":"","format":"standard","meta":{"footnotes":""},"categories":[261],"tags":[],"class_list":["post-89391","post","type-post","status-publish","format-standard","has-post-thumbnail","hentry","category-economia"],"_links":{"self":[{"href":"https:\/\/diarioregionaldigital.com.br\/index.php?rest_route=\/wp\/v2\/posts\/89391","targetHints":{"allow":["GET"]}}],"collection":[{"href":"https:\/\/diarioregionaldigital.com.br\/index.php?rest_route=\/wp\/v2\/posts"}],"about":[{"href":"https:\/\/diarioregionaldigital.com.br\/index.php?rest_route=\/wp\/v2\/types\/post"}],"author":[{"embeddable":true,"href":"https:\/\/diarioregionaldigital.com.br\/index.php?rest_route=\/wp\/v2\/users\/96"}],"replies":[{"embeddable":true,"href":"https:\/\/diarioregionaldigital.com.br\/index.php?rest_route=%2Fwp%2Fv2%2Fcomments&post=89391"}],"version-history":[{"count":0,"href":"https:\/\/diarioregionaldigital.com.br\/index.php?rest_route=\/wp\/v2\/posts\/89391\/revisions"}],"wp:featuredmedia":[{"embeddable":true,"href":"https:\/\/diarioregionaldigital.com.br\/index.php?rest_route=\/wp\/v2\/media\/89390"}],"wp:attachment":[{"href":"https:\/\/diarioregionaldigital.com.br\/index.php?rest_route=%2Fwp%2Fv2%2Fmedia&parent=89391"}],"wp:term":[{"taxonomy":"category","embeddable":true,"href":"https:\/\/diarioregionaldigital.com.br\/index.php?rest_route=%2Fwp%2Fv2%2Fcategories&post=89391"},{"taxonomy":"post_tag","embeddable":true,"href":"https:\/\/diarioregionaldigital.com.br\/index.php?rest_route=%2Fwp%2Fv2%2Ftags&post=89391"}],"curies":[{"name":"wp","href":"https:\/\/api.w.org\/{rel}","templated":true}]}}