{"id":89389,"date":"2018-01-12T14:35:23","date_gmt":"2018-01-12T16:35:23","guid":{"rendered":"http:\/\/diarioregionaljf.com.br\/2018\/01\/12\/bombeiros-resgatam-homem-soterrado-em-obra-no-bairro-filgueiras\/"},"modified":"2018-01-12T14:35:23","modified_gmt":"2018-01-12T16:35:23","slug":"bombeiros-resgatam-homem-soterrado-em-obra-no-bairro-filgueiras","status":"publish","type":"post","link":"https:\/\/diarioregionaldigital.com.br\/?p=89389","title":{"rendered":"Bombeiros resgatam homem soterrado em obra no bairro Filgueiras"},"content":{"rendered":"<p>O Corpo de Bombeiros resgatou na manh\u00e3 desta sexta-feira, 12, um homem de 38 anos que ficou soterrado ap\u00f3s parte da terra ceder em uma obra, no bairro Filgueiras, localizado na zona Nordeste.<\/p>\n<p>De acordo com os bombeiros, o homem e outros trabalhadores, realizavam a instala\u00e7\u00e3o de uma manilha em um condom\u00ednio no bairro. Durante o trabalho, parte da terra cedeu, fazendo com que o homem ficasse preso at\u00e9 a cintura.<\/p>\n<p>Quando as equipes de resgate chegaram ao local, a v\u00edtima estava consciente e orientada. Ele foi encaminhado para o Hospital de Pronto Socorro (HPS), reclamando de formigamentos nos membros inferiores.<\/p>\n","protected":false},"excerpt":{"rendered":"<p>O Corpo de Bombeiros resgatou na manh\u00e3 desta sexta-feira, 12, um homem de 38 anos que ficou soterrado ap\u00f3s parte da terra ceder em uma obra, no bairro Filgueiras, localizado na zona Nordeste. De acordo com os bombeiros, o homem e outros trabalhadores, realizavam a instala\u00e7\u00e3o de uma manilha em um condom\u00ednio no bairro. Durante [&hellip;]<\/p>\n","protected":false},"author":96,"featured_media":89388,"comment_status":"closed","ping_status":"closed","sticky":false,"template":"","format":"standard","meta":{"footnotes":""},"categories":[253],"tags":[],"class_list":["post-89389","post","type-post","status-publish","format-standard","has-post-thumbnail","hentry","category-cidade"],"_links":{"self":[{"href":"https:\/\/diarioregionaldigital.com.br\/index.php?rest_route=\/wp\/v2\/posts\/89389","targetHints":{"allow":["GET"]}}],"collection":[{"href":"https:\/\/diarioregionaldigital.com.br\/index.php?rest_route=\/wp\/v2\/posts"}],"about":[{"href":"https:\/\/diarioregionaldigital.com.br\/index.php?rest_route=\/wp\/v2\/types\/post"}],"author":[{"embeddable":true,"href":"https:\/\/diarioregionaldigital.com.br\/index.php?rest_route=\/wp\/v2\/users\/96"}],"replies":[{"embeddable":true,"href":"https:\/\/diarioregionaldigital.com.br\/index.php?rest_route=%2Fwp%2Fv2%2Fcomments&post=89389"}],"version-history":[{"count":0,"href":"https:\/\/diarioregionaldigital.com.br\/index.php?rest_route=\/wp\/v2\/posts\/89389\/revisions"}],"wp:featuredmedia":[{"embeddable":true,"href":"https:\/\/diarioregionaldigital.com.br\/index.php?rest_route=\/wp\/v2\/media\/89388"}],"wp:attachment":[{"href":"https:\/\/diarioregionaldigital.com.br\/index.php?rest_route=%2Fwp%2Fv2%2Fmedia&parent=89389"}],"wp:term":[{"taxonomy":"category","embeddable":true,"href":"https:\/\/diarioregionaldigital.com.br\/index.php?rest_route=%2Fwp%2Fv2%2Fcategories&post=89389"},{"taxonomy":"post_tag","embeddable":true,"href":"https:\/\/diarioregionaldigital.com.br\/index.php?rest_route=%2Fwp%2Fv2%2Ftags&post=89389"}],"curies":[{"name":"wp","href":"https:\/\/api.w.org\/{rel}","templated":true}]}}