{"id":89387,"date":"2018-01-12T13:24:14","date_gmt":"2018-01-12T15:24:14","guid":{"rendered":"http:\/\/diarioregionaljf.com.br\/2018\/01\/12\/grupo-invade-e-assalta-onibus-no-bairro-carlos-chagas\/"},"modified":"2018-01-12T13:24:14","modified_gmt":"2018-01-12T15:24:14","slug":"grupo-invade-e-assalta-onibus-no-bairro-carlos-chagas","status":"publish","type":"post","link":"https:\/\/diarioregionaldigital.com.br\/?p=89387","title":{"rendered":"Grupo invade e assalta \u00f4nibus no bairro Carlos Chagas"},"content":{"rendered":"<p>A Pol\u00edcia Militar (PM) registrou um assalto a coletivo na noite desta quinta-feira, 11. O crime ocorreu no bairro Carlos Chagas, localizado na zona Norte.<\/p>\n<p>O cobrador do coletivo, de 41 anos, relatou que o \u00f4nibus encontrava-se parado na Rua Guilhardo Xavier Furtado por ser ponto final, momento em que cinco indiv\u00edduos, todos com blusa de capuz, invadiram o \u00f4nibus e anunciaram o assalto.<\/p>\n<p>Um dos integrantes do grupo apontou um rev\u00f3lver para a cabe\u00e7a do motorista e exigiu que entregasse o dinheiro do caixa. O grupo roubou a quantia de R$300 do coletivo, al\u00e9m do celular do motorista.<\/p>\n<p>Mais tarde, a PM prendeu os cinco autores do assalto, em uma ocorr\u00eancia de <a href=\"policial\/23040-pm-prende-cinco-envolvidos-em-assalto-a-onibus-e-troca-de-tiros-na-zona-norte\">troca de tiros no Parque das \u00c1guas<\/a>.<\/p>\n","protected":false},"excerpt":{"rendered":"<p>A Pol\u00edcia Militar (PM) registrou um assalto a coletivo na noite desta quinta-feira, 11. O crime ocorreu no bairro Carlos Chagas, localizado na zona Norte. O cobrador do coletivo, de 41 anos, relatou que o \u00f4nibus encontrava-se parado na Rua Guilhardo Xavier Furtado por ser ponto final, momento em que cinco indiv\u00edduos, todos com blusa [&hellip;]<\/p>\n","protected":false},"author":96,"featured_media":89386,"comment_status":"closed","ping_status":"closed","sticky":false,"template":"","format":"standard","meta":{"footnotes":""},"categories":[301],"tags":[],"class_list":["post-89387","post","type-post","status-publish","format-standard","has-post-thumbnail","hentry","category-artigos-policiais"],"_links":{"self":[{"href":"https:\/\/diarioregionaldigital.com.br\/index.php?rest_route=\/wp\/v2\/posts\/89387","targetHints":{"allow":["GET"]}}],"collection":[{"href":"https:\/\/diarioregionaldigital.com.br\/index.php?rest_route=\/wp\/v2\/posts"}],"about":[{"href":"https:\/\/diarioregionaldigital.com.br\/index.php?rest_route=\/wp\/v2\/types\/post"}],"author":[{"embeddable":true,"href":"https:\/\/diarioregionaldigital.com.br\/index.php?rest_route=\/wp\/v2\/users\/96"}],"replies":[{"embeddable":true,"href":"https:\/\/diarioregionaldigital.com.br\/index.php?rest_route=%2Fwp%2Fv2%2Fcomments&post=89387"}],"version-history":[{"count":0,"href":"https:\/\/diarioregionaldigital.com.br\/index.php?rest_route=\/wp\/v2\/posts\/89387\/revisions"}],"wp:featuredmedia":[{"embeddable":true,"href":"https:\/\/diarioregionaldigital.com.br\/index.php?rest_route=\/wp\/v2\/media\/89386"}],"wp:attachment":[{"href":"https:\/\/diarioregionaldigital.com.br\/index.php?rest_route=%2Fwp%2Fv2%2Fmedia&parent=89387"}],"wp:term":[{"taxonomy":"category","embeddable":true,"href":"https:\/\/diarioregionaldigital.com.br\/index.php?rest_route=%2Fwp%2Fv2%2Fcategories&post=89387"},{"taxonomy":"post_tag","embeddable":true,"href":"https:\/\/diarioregionaldigital.com.br\/index.php?rest_route=%2Fwp%2Fv2%2Ftags&post=89387"}],"curies":[{"name":"wp","href":"https:\/\/api.w.org\/{rel}","templated":true}]}}