{"id":89385,"date":"2018-01-12T12:48:08","date_gmt":"2018-01-12T14:48:08","guid":{"rendered":"http:\/\/diarioregionaljf.com.br\/2018\/01\/12\/assaltante-empurra-motorista-e-rouba-carro-no-alto-dos-passos\/"},"modified":"2018-01-12T12:48:08","modified_gmt":"2018-01-12T14:48:08","slug":"assaltante-empurra-motorista-e-rouba-carro-no-alto-dos-passos","status":"publish","type":"post","link":"https:\/\/diarioregionaldigital.com.br\/?p=89385","title":{"rendered":"Assaltante empurra motorista e rouba carro no Alto dos Passos"},"content":{"rendered":"<p>Uma motorista de 28 anos foi assaltada ao manobrar seu carro no bairro Alto dos Passos, localizado na zona Sul. O crime ocorreu na tarde desta quinta-feira, 11.<\/p>\n<p>Segundo informa\u00e7\u00f5es da Pol\u00edcia Militar (PM), uma motorista de 36 anos estava parada com seu ve\u00edculo em um sem\u00e1foro na Rua Severiano Sarmento, quando foi abordada por um indiv\u00edduo que levantou a blusa e mostrou um objeto, que n\u00e3o foi identificado como arma. Neste momento o sem\u00e1foro abriu e a motorista arrancou com o carro conseguindo escapar. O autor evadiu.<\/p>\n<p>Minutos depois mesmo indiv\u00edduo abordou a v\u00edtima de 28 anos que tamb\u00e9m manobrava seu ve\u00edculo, marca Fox, no bairro. Ele abriu a porta do carro, empurrou a motorista para fora do ve\u00edculo e partiu com o mesmo em rumo ignorado. No interior do carro encontravam-se objetos pessoais da jovem.<\/p>\n<p>A PM realizou intensas buscas, entretanto o autor nem o carro foram encontrados.<\/p>\n","protected":false},"excerpt":{"rendered":"<p>Uma motorista de 28 anos foi assaltada ao manobrar seu carro no bairro Alto dos Passos, localizado na zona Sul. O crime ocorreu na tarde desta quinta-feira, 11. Segundo informa\u00e7\u00f5es da Pol\u00edcia Militar (PM), uma motorista de 36 anos estava parada com seu ve\u00edculo em um sem\u00e1foro na Rua Severiano Sarmento, quando foi abordada por [&hellip;]<\/p>\n","protected":false},"author":96,"featured_media":89384,"comment_status":"closed","ping_status":"closed","sticky":false,"template":"","format":"standard","meta":{"footnotes":""},"categories":[301],"tags":[],"class_list":["post-89385","post","type-post","status-publish","format-standard","has-post-thumbnail","hentry","category-artigos-policiais"],"_links":{"self":[{"href":"https:\/\/diarioregionaldigital.com.br\/index.php?rest_route=\/wp\/v2\/posts\/89385","targetHints":{"allow":["GET"]}}],"collection":[{"href":"https:\/\/diarioregionaldigital.com.br\/index.php?rest_route=\/wp\/v2\/posts"}],"about":[{"href":"https:\/\/diarioregionaldigital.com.br\/index.php?rest_route=\/wp\/v2\/types\/post"}],"author":[{"embeddable":true,"href":"https:\/\/diarioregionaldigital.com.br\/index.php?rest_route=\/wp\/v2\/users\/96"}],"replies":[{"embeddable":true,"href":"https:\/\/diarioregionaldigital.com.br\/index.php?rest_route=%2Fwp%2Fv2%2Fcomments&post=89385"}],"version-history":[{"count":0,"href":"https:\/\/diarioregionaldigital.com.br\/index.php?rest_route=\/wp\/v2\/posts\/89385\/revisions"}],"wp:featuredmedia":[{"embeddable":true,"href":"https:\/\/diarioregionaldigital.com.br\/index.php?rest_route=\/wp\/v2\/media\/89384"}],"wp:attachment":[{"href":"https:\/\/diarioregionaldigital.com.br\/index.php?rest_route=%2Fwp%2Fv2%2Fmedia&parent=89385"}],"wp:term":[{"taxonomy":"category","embeddable":true,"href":"https:\/\/diarioregionaldigital.com.br\/index.php?rest_route=%2Fwp%2Fv2%2Fcategories&post=89385"},{"taxonomy":"post_tag","embeddable":true,"href":"https:\/\/diarioregionaldigital.com.br\/index.php?rest_route=%2Fwp%2Fv2%2Ftags&post=89385"}],"curies":[{"name":"wp","href":"https:\/\/api.w.org\/{rel}","templated":true}]}}