{"id":89383,"date":"2018-01-12T12:26:53","date_gmt":"2018-01-12T14:26:53","guid":{"rendered":"http:\/\/diarioregionaljf.com.br\/2018\/01\/12\/pm-prende-cinco-envolvidos-em-assalto-a-onibus-e-troca-de-tiros-na-zona-norte\/"},"modified":"2018-01-12T12:26:53","modified_gmt":"2018-01-12T14:26:53","slug":"pm-prende-cinco-envolvidos-em-assalto-a-onibus-e-troca-de-tiros-na-zona-norte","status":"publish","type":"post","link":"https:\/\/diarioregionaldigital.com.br\/?p=89383","title":{"rendered":"PM prende cinco envolvidos em assalto a \u00f4nibus e troca de tiros na zona Norte"},"content":{"rendered":"<p>A Pol\u00edcia Militar (PM) prendeu cinco pessoas envolvidas em roubo a coletivo no bairro Carlos Chagas e troca de tiros no Parque das \u00c1guas, ambos localizados na zona Norte.<\/p>\n<p>De acordo com o registro de ocorr\u00eancias, ap\u00f3s o atendimento a uma ocorr\u00eancia de roubo a coletivo no bairro Carlos Chagas, uma guarni\u00e7\u00e3o policial recebeu via r\u00e1dio a informa\u00e7\u00e3o de que v\u00e1rios indiv\u00edduos estariam em troca de tiros na Rua Nazira Mattar de Freitas, no Parque das \u00c1guas.<\/p>\n<p>Os policiais ent\u00e3o se dirigiram at\u00e9 o local e com a chegada das viaturas, os envolvidos na ocorr\u00eancia tentaram se desfazer de alguns materiais, os arremessando atrav\u00e9s da janela do 5\u00ba andar de um apartamento no local.<\/p>\n<p>Durante as buscas a PM localizou cinco indiv\u00edduos de 18, 22, 23, 31, 41 e 45 anos, que foram surpreendidos e presos.<\/p>\n<p>Os policiais identificaram uma grande quantidade de armamento e muni\u00e7\u00f5es no local. Foram encontrados dois coletes bal\u00edsticos, uma pistola taurus calibre 380 com nove cartuchos, uma carabina calibre 12, com seis cartuchos, 20 cartuchos intactos de calibre 12, um rev\u00f3lver calibre 38, marca Taurus com seis cartuchos, uma arma tipo polveira, um bin\u00f3culo, tr\u00eas cartuchos deflagrados de calibre 12.<\/p>\n<p>Tamb\u00e9m foi localizado e apreendido um ve\u00edculo Fiat brava, onde foi encontrada uma sacola pl\u00e1stica contendo 27 cartuchos intactos de calibre 12.<\/p>\n<p>A PM tamb\u00e9m encontrou a quantia de R$1.654 em moeda corrente, duas c\u00e9dulas de moeda americana, sendo uma nota de $20,00 (vinte d\u00f3lares) e uma nota de 10,00 (dez d\u00f3lares).<\/p>\n<p>O cobrador do \u00f4nibus assaltado, de 41 anos, reconheceu os autores presos como os mesmos que haviam efetuado o roubo.<\/p>\n<p>Autores presos, material apreendido e conduzidos a delegacia.<\/p>\n","protected":false},"excerpt":{"rendered":"<p>A Pol\u00edcia Militar (PM) prendeu cinco pessoas envolvidas em roubo a coletivo no bairro Carlos Chagas e troca de tiros no Parque das \u00c1guas, ambos localizados na zona Norte. De acordo com o registro de ocorr\u00eancias, ap\u00f3s o atendimento a uma ocorr\u00eancia de roubo a coletivo no bairro Carlos Chagas, uma guarni\u00e7\u00e3o policial recebeu via [&hellip;]<\/p>\n","protected":false},"author":96,"featured_media":89382,"comment_status":"closed","ping_status":"closed","sticky":false,"template":"","format":"standard","meta":{"footnotes":""},"categories":[301],"tags":[],"class_list":["post-89383","post","type-post","status-publish","format-standard","has-post-thumbnail","hentry","category-artigos-policiais"],"_links":{"self":[{"href":"https:\/\/diarioregionaldigital.com.br\/index.php?rest_route=\/wp\/v2\/posts\/89383","targetHints":{"allow":["GET"]}}],"collection":[{"href":"https:\/\/diarioregionaldigital.com.br\/index.php?rest_route=\/wp\/v2\/posts"}],"about":[{"href":"https:\/\/diarioregionaldigital.com.br\/index.php?rest_route=\/wp\/v2\/types\/post"}],"author":[{"embeddable":true,"href":"https:\/\/diarioregionaldigital.com.br\/index.php?rest_route=\/wp\/v2\/users\/96"}],"replies":[{"embeddable":true,"href":"https:\/\/diarioregionaldigital.com.br\/index.php?rest_route=%2Fwp%2Fv2%2Fcomments&post=89383"}],"version-history":[{"count":0,"href":"https:\/\/diarioregionaldigital.com.br\/index.php?rest_route=\/wp\/v2\/posts\/89383\/revisions"}],"wp:featuredmedia":[{"embeddable":true,"href":"https:\/\/diarioregionaldigital.com.br\/index.php?rest_route=\/wp\/v2\/media\/89382"}],"wp:attachment":[{"href":"https:\/\/diarioregionaldigital.com.br\/index.php?rest_route=%2Fwp%2Fv2%2Fmedia&parent=89383"}],"wp:term":[{"taxonomy":"category","embeddable":true,"href":"https:\/\/diarioregionaldigital.com.br\/index.php?rest_route=%2Fwp%2Fv2%2Fcategories&post=89383"},{"taxonomy":"post_tag","embeddable":true,"href":"https:\/\/diarioregionaldigital.com.br\/index.php?rest_route=%2Fwp%2Fv2%2Ftags&post=89383"}],"curies":[{"name":"wp","href":"https:\/\/api.w.org\/{rel}","templated":true}]}}