{"id":89381,"date":"2018-01-12T11:04:52","date_gmt":"2018-01-12T13:04:52","guid":{"rendered":"http:\/\/diarioregionaljf.com.br\/2018\/01\/12\/seis-pessoas-foram-presas-e-um-menor-apreendido-apos-tumulto-em-operacao-da-pm-no-sagrado-coracao\/"},"modified":"2018-01-12T11:04:52","modified_gmt":"2018-01-12T13:04:52","slug":"seis-pessoas-foram-presas-e-um-menor-apreendido-apos-tumulto-em-operacao-da-pm-no-sagrado-coracao","status":"publish","type":"post","link":"https:\/\/diarioregionaldigital.com.br\/?p=89381","title":{"rendered":"Seis pessoas foram presas e um menor apreendido ap\u00f3s tumulto em opera\u00e7\u00e3o da PM no Sagrado Cora\u00e7\u00e3o"},"content":{"rendered":"<p>A Pol\u00edcia Militar (PM) realizou uma opera\u00e7\u00e3o no in\u00edcio da noite desta quinta-feira, 11, no condom\u00ednio Arauc\u00e1rias, localizado na Rua Marciano Pinto, bairro Sagrado Cora\u00e7\u00e3o, zona Sul. Durante a a\u00e7\u00e3o, os policiais militares e moradores do condom\u00ednio entraram em conflito, sendo necess\u00e1rio o uso de balas de borracha, spray de pimenta e outros artif\u00edcios pela PM a fim de controlar a situa\u00e7\u00e3o.<\/p>\n<p>De acordo com o registro de ocorr\u00eancia, guarni\u00e7\u00f5es de r\u00e1dio patrulhamento tentaram abordar um indiv\u00edduo, de 26 anos, portador de necessidades especiais, cadeirante, conhecido no meio policial pela pr\u00e1tica dos crimes de tr\u00e1fico il\u00edcito de drogas e porte ilegal de arma de fogo, dentre outros crimes.<\/p>\n<p>O autor desobedeceu \u00e0 ordem imposta pelos policiais, e ent\u00e3o recebeu voz de pris\u00e3o em flagrante pelo crime de desobedi\u00eancia, momento em que este amea\u00e7ou os militares com os seguintes dizeres &#8220;se voc\u00eas me colocarem a m\u00e3o vou matar os dois&#8221;. O jovem continuou a resistir \u00e0 a\u00e7\u00e3o dos policiais dando socos, cabe\u00e7adas e mordidas nos bra\u00e7os dos militares, sendo necess\u00e1rio, por parte dos mesmos, o uso de for\u00e7a f\u00edsica para cont\u00ea-lo.<\/p>\n<p>Nesse momento, um menor, de 16 anos, incitou outros moradores que acompanhavam a opera\u00e7\u00e3o policial a impedirem a abordagem dos oficiais. A guarni\u00e7\u00e3o PM foi cercada por um grupo de aproximadamente 100 pessoas, que gritavam e amea\u00e7avam resgatar e soltar o preso.<\/p>\n<p>Durante a movimenta\u00e7\u00e3o, a m\u00e3e do autor, de 55 anos, pulou sobre as costas de um policial a fim de estrangul\u00e1-lo e para roubar sua pistola, momento em que foi efetuado o disparo de espingarda calibre 12 com bala de borracha para dispersar a multid\u00e3o.<\/p>\n<p>O grupo continuou a atacar a guarni\u00e7\u00e3o policial jogando pedras contra os policiais. Como resposta foram necess\u00e1rios novos disparos de bala de borracha, assegurando a integridade da PM e dos presos at\u00e9 a chegada das guarni\u00e7\u00f5es de refor\u00e7o.<\/p>\n<p>Outros indiv\u00edduos continuavam a realizara amea\u00e7as verbais contras os militares. Uma mulher desferiu um tapa contra o peito de uma policial militar, sendo ent\u00e3o alvejada por uma bala de borracha.<\/p>\n<p>A PM tamb\u00e9m utilizou granadas de efeito moral, spray de pimenta e bast\u00e3o de madeira, a fim de conter e dispersar a multid\u00e3o.<\/p>\n<p>Ap\u00f3s o controle da situa\u00e7\u00e3o, os policiais algemaram, prenderam e apreenderam os autores envolvidos nas agress\u00f5es. Ao todo, sete pessoas foram encaminhadas para a delegacia. Um jovem de 26 anos, um homem de 37, uma jovem de 28 anos, uma mulher de 31, uma de 36 e outra de 55 anos, al\u00e9m do menor, de 16 anos, que foi apreendido.<\/p>\n<p>Ao todo, seis policiais militares foram v\u00edtimas diretas de agress\u00f5es durante o tumulto. Dentre eles, cinco homens de 27, 33, 35, 38 e 44 anos e uma mulher de 33 anos. Foram constatadas les\u00f5es leves, eles foram atendidos e liberados.<\/p>\n<p>No momento em que a Pol\u00edcia Militar chegou \u00e0 delegacia, as viaturas foram cercadas por um novo grupo que gritava palavras de baixo cal\u00e3o e amea\u00e7avam resgatar os indiv\u00edduos presos. Os policiais necessitaram utilizar for\u00e7a a fim de restaurar a ordem no local.<\/p>\n<p>Os autores presos passaram pela Unidade de Pronto Atendimento (UPA) Santa Luzia, onde foram constatadas algumas les\u00f5es leves. Eles foram medicados e encaminhados para a delegacia novamente.<\/p>\n","protected":false},"excerpt":{"rendered":"<p>A Pol\u00edcia Militar (PM) realizou uma opera\u00e7\u00e3o no in\u00edcio da noite desta quinta-feira, 11, no condom\u00ednio Arauc\u00e1rias, localizado na Rua Marciano Pinto, bairro Sagrado Cora\u00e7\u00e3o, zona Sul. Durante a a\u00e7\u00e3o, os policiais militares e moradores do condom\u00ednio entraram em conflito, sendo necess\u00e1rio o uso de balas de borracha, spray de pimenta e outros artif\u00edcios pela [&hellip;]<\/p>\n","protected":false},"author":96,"featured_media":89380,"comment_status":"closed","ping_status":"closed","sticky":false,"template":"","format":"standard","meta":{"footnotes":""},"categories":[301],"tags":[],"class_list":["post-89381","post","type-post","status-publish","format-standard","has-post-thumbnail","hentry","category-artigos-policiais"],"_links":{"self":[{"href":"https:\/\/diarioregionaldigital.com.br\/index.php?rest_route=\/wp\/v2\/posts\/89381","targetHints":{"allow":["GET"]}}],"collection":[{"href":"https:\/\/diarioregionaldigital.com.br\/index.php?rest_route=\/wp\/v2\/posts"}],"about":[{"href":"https:\/\/diarioregionaldigital.com.br\/index.php?rest_route=\/wp\/v2\/types\/post"}],"author":[{"embeddable":true,"href":"https:\/\/diarioregionaldigital.com.br\/index.php?rest_route=\/wp\/v2\/users\/96"}],"replies":[{"embeddable":true,"href":"https:\/\/diarioregionaldigital.com.br\/index.php?rest_route=%2Fwp%2Fv2%2Fcomments&post=89381"}],"version-history":[{"count":0,"href":"https:\/\/diarioregionaldigital.com.br\/index.php?rest_route=\/wp\/v2\/posts\/89381\/revisions"}],"wp:featuredmedia":[{"embeddable":true,"href":"https:\/\/diarioregionaldigital.com.br\/index.php?rest_route=\/wp\/v2\/media\/89380"}],"wp:attachment":[{"href":"https:\/\/diarioregionaldigital.com.br\/index.php?rest_route=%2Fwp%2Fv2%2Fmedia&parent=89381"}],"wp:term":[{"taxonomy":"category","embeddable":true,"href":"https:\/\/diarioregionaldigital.com.br\/index.php?rest_route=%2Fwp%2Fv2%2Fcategories&post=89381"},{"taxonomy":"post_tag","embeddable":true,"href":"https:\/\/diarioregionaldigital.com.br\/index.php?rest_route=%2Fwp%2Fv2%2Ftags&post=89381"}],"curies":[{"name":"wp","href":"https:\/\/api.w.org\/{rel}","templated":true}]}}