{"id":89379,"date":"2018-01-11T22:48:53","date_gmt":"2018-01-12T00:48:53","guid":{"rendered":"http:\/\/diarioregionaljf.com.br\/2018\/01\/11\/trends-14-janeiro\/"},"modified":"2018-01-11T22:48:53","modified_gmt":"2018-01-12T00:48:53","slug":"trends-14-janeiro","status":"publish","type":"post","link":"https:\/\/diarioregionaldigital.com.br\/?p=89379","title":{"rendered":"Trends"},"content":{"rendered":"<h4 style=\"text-align: center;\">BELEZA<\/h4>\n<p style=\"text-align: center;\">&nbsp;<\/p>\n<p style=\"text-align: center;\">J\u00e1 faz tempo que cores marcantes vem surgindo nas produ\u00e7\u00f5es de beleza. At\u00e9 mesmo nos bakstages das maiores semanas de moda, essa tend\u00eancia chegou com for\u00e7a. E um dos tons que prometem presen\u00e7a marcada nessa temporada \u00e9 o rosa! Em v\u00e1rias nuances e em degrad\u00eas elegantes, o rosa vai dos l\u00e1bios aos olhos, e d\u00e1 aquele toque moderninho, seja no street style ou em ocasi\u00f5es festivas!<\/p>\n<p>&nbsp;<\/p>\n<h4 style=\"text-align: center;\">PANNEAUX<\/h4>\n<p style=\"text-align: center;\">Nada mais que uma canga metida a besta! Este \u00e9 o panneaux! Com textura e corte que remetem a um grande len\u00e7o, geralmente de viscose ou seda mista, em cores vibrantes, com estampas ousadas, \u00e9 uma pe\u00e7a multiuso, que conquistou as areias e o p\u00f3s praia. Permite diversas amarra\u00e7\u00f5es e pode ser coordenado com mai\u00f4s, biqu\u00ednis e camisetinhas. E aten\u00e7\u00e3o, como o tecido \u00e9 mais sens\u00edvel, o panneaux n\u00e3o vai para o ch\u00e3o, \u00e9 mais usado como pe\u00e7a de roupa mesmo!<\/p>\n<p style=\"text-align: justify;\">\n<h4>&nbsp;<\/h4>\n<h4>&nbsp;<\/h4>\n<h4 style=\"text-align: center;\">BRILHO NUNCA \u00c9 DEMAIS!<\/h4>\n<p style=\"text-align: center;\">Os biqu\u00ednis e mai\u00f4s da temporada est\u00e3o disputando espa\u00e7o com o brilho do sol! Os modelo em lurex , com op\u00e7\u00f5es em prata, dourado e at\u00e9 bordeaux , est\u00e3o fazendo sucesso entre as fashionistas. Vale apostar s\u00f3 no top e misturar com uma pe\u00e7a de lycra lisa ou estampada ou abusar do brilho todo,afinal n\u00f3s nascemos pra que mesmo? Pra brilhar, claro!!<\/p>\n<p>&nbsp;<\/p>\n<p style=\"text-align: center;\"><img loading=\"lazy\" decoding=\"async\" class=\" size-full wp-image-89376\" src=\"http:\/\/diarioregionaljf.com.br\/wp-content\/uploads\/2018\/01\/diario-int-23017-2.jpg\" alt=\"brilho nunca \u00e9 demais.jpg\" width=\"301\" height=\"450\" srcset=\"https:\/\/diarioregionaldigital.com.br\/wp-content\/uploads\/2018\/01\/diario-int-23017-2.jpg 301w, https:\/\/diarioregionaldigital.com.br\/wp-content\/uploads\/2018\/01\/diario-int-23017-2-201x300.jpg 201w\" sizes=\"auto, (max-width: 301px) 100vw, 301px\" \/><\/p>\n<h4>&nbsp;<\/h4>\n<h4 style=\"text-align: center;\">FAZENDO A CABE\u00c7A<\/h4>\n<p style=\"text-align: center;\">O chap\u00e9u de palha r\u00fastico \u201ctailand\u00eas\u201d, modelo de abas largas com topo arredondado, est\u00e1 roubando a cena dos modelos Fedora e Panam\u00e1 neste ver\u00e3o. Vale usar na praia ou com vestidinhos no p\u00f3s praia.<\/p>\n<p><img loading=\"lazy\" decoding=\"async\" class=\" size-full wp-image-89377\" src=\"http:\/\/diarioregionaljf.com.br\/wp-content\/uploads\/2018\/01\/diario-int-23017-3.jpg\" alt=\"fazendo a cabe\u00e7a.jpg\" style=\"display: block; margin-left: auto; margin-right: auto;\" width=\"300\" height=\"450\" srcset=\"https:\/\/diarioregionaldigital.com.br\/wp-content\/uploads\/2018\/01\/diario-int-23017-3.jpg 300w, https:\/\/diarioregionaldigital.com.br\/wp-content\/uploads\/2018\/01\/diario-int-23017-3-200x300.jpg 200w\" sizes=\"auto, (max-width: 300px) 100vw, 300px\" \/><\/p>\n<h4>&nbsp;<\/h4>\n<h4>&nbsp;<\/h4>\n<h4 style=\"text-align: center;\">A VOLTA DA PAPETE<\/h4>\n<p style=\"text-align: center;\">Na carona da pochete, quem j\u00e1 garantiu seu retorno para o cen\u00e1rio fashion foi a papete ! A sand\u00e1lia, quase t\u00e3o pol\u00eamica quanto a sua prima pochete, ensaiou seu retorno nos desfiles spring summer ( em abril ) das passarelas internacionais e aterrissou com tudo por aqui no ver\u00e3o 2018. Elas voltaram mais metidas a besta , com materiais mais elaborados como couro e verniz, e toques decorativos como fivelas de cristais, mas ainda s\u00e3o papetes. Vai encarar?!!<\/p>\n<p>&nbsp;<\/p>\n<p style=\"text-align: center;\"><img loading=\"lazy\" decoding=\"async\" class=\" size-full wp-image-89378\" src=\"http:\/\/diarioregionaljf.com.br\/wp-content\/uploads\/2018\/01\/diario-int-23017-4.jpg\" alt=\"papete.jpg\" width=\"442\" height=\"294\" srcset=\"https:\/\/diarioregionaldigital.com.br\/wp-content\/uploads\/2018\/01\/diario-int-23017-4.jpg 607w, https:\/\/diarioregionaldigital.com.br\/wp-content\/uploads\/2018\/01\/diario-int-23017-4-300x200.jpg 300w, https:\/\/diarioregionaldigital.com.br\/wp-content\/uploads\/2018\/01\/diario-int-23017-4-360x240.jpg 360w\" sizes=\"auto, (max-width: 442px) 100vw, 442px\" \/><\/p>\n<p style=\"text-align: center;\">\n","protected":false},"excerpt":{"rendered":"<p>BELEZA &nbsp; J\u00e1 faz tempo que cores marcantes vem surgindo nas produ\u00e7\u00f5es de beleza. At\u00e9 mesmo nos bakstages das maiores semanas de moda, essa tend\u00eancia chegou com for\u00e7a. E um dos tons que prometem presen\u00e7a marcada nessa temporada \u00e9 o rosa! Em v\u00e1rias nuances e em degrad\u00eas elegantes, o rosa vai dos l\u00e1bios aos olhos, [&hellip;]<\/p>\n","protected":false},"author":96,"featured_media":89375,"comment_status":"closed","ping_status":"closed","sticky":false,"template":"","format":"standard","meta":{"footnotes":""},"categories":[285],"tags":[],"class_list":["post-89379","post","type-post","status-publish","format-standard","has-post-thumbnail","hentry","category-moda-ana-paula-calixto"],"_links":{"self":[{"href":"https:\/\/diarioregionaldigital.com.br\/index.php?rest_route=\/wp\/v2\/posts\/89379","targetHints":{"allow":["GET"]}}],"collection":[{"href":"https:\/\/diarioregionaldigital.com.br\/index.php?rest_route=\/wp\/v2\/posts"}],"about":[{"href":"https:\/\/diarioregionaldigital.com.br\/index.php?rest_route=\/wp\/v2\/types\/post"}],"author":[{"embeddable":true,"href":"https:\/\/diarioregionaldigital.com.br\/index.php?rest_route=\/wp\/v2\/users\/96"}],"replies":[{"embeddable":true,"href":"https:\/\/diarioregionaldigital.com.br\/index.php?rest_route=%2Fwp%2Fv2%2Fcomments&post=89379"}],"version-history":[{"count":0,"href":"https:\/\/diarioregionaldigital.com.br\/index.php?rest_route=\/wp\/v2\/posts\/89379\/revisions"}],"wp:featuredmedia":[{"embeddable":true,"href":"https:\/\/diarioregionaldigital.com.br\/index.php?rest_route=\/wp\/v2\/media\/89375"}],"wp:attachment":[{"href":"https:\/\/diarioregionaldigital.com.br\/index.php?rest_route=%2Fwp%2Fv2%2Fmedia&parent=89379"}],"wp:term":[{"taxonomy":"category","embeddable":true,"href":"https:\/\/diarioregionaldigital.com.br\/index.php?rest_route=%2Fwp%2Fv2%2Fcategories&post=89379"},{"taxonomy":"post_tag","embeddable":true,"href":"https:\/\/diarioregionaldigital.com.br\/index.php?rest_route=%2Fwp%2Fv2%2Ftags&post=89379"}],"curies":[{"name":"wp","href":"https:\/\/api.w.org\/{rel}","templated":true}]}}