{"id":89374,"date":"2018-01-11T22:47:38","date_gmt":"2018-01-12T00:47:38","guid":{"rendered":"http:\/\/diarioregionaljf.com.br\/2018\/01\/11\/grupo-anjos-da-misericordia-arrecada-materiais-escolares-para-criancas\/"},"modified":"2018-01-11T22:47:38","modified_gmt":"2018-01-12T00:47:38","slug":"grupo-anjos-da-misericordia-arrecada-materiais-escolares-para-criancas","status":"publish","type":"post","link":"https:\/\/diarioregionaldigital.com.br\/?p=89374","title":{"rendered":"Grupo \u201cAnjos da Miseric\u00f3rdia\u201d arrecada materiais escolares para crian\u00e7as"},"content":{"rendered":"<p>O grupo \u201cAnjos da Miseric\u00f3rdia\u201d, da Catedral Metropolitana de Juiz de Fora, realiza, at\u00e9 o dia 31 de janeiro, uma campanha de arrecada\u00e7\u00e3o de materiais escolares. O intuito \u00e9 beneficiar cerca de 230 crian\u00e7as e adolescentes de baixa renda, matriculados em escolas p\u00fablicas do munic\u00edpio. Na terceira edi\u00e7\u00e3o do projeto, est\u00e3o sendo recolhidos caderno brochur\u00e3o grande, caderno espiral, caneta, l\u00e1pis preto, l\u00e1pis de cor, canetinha hidrocor, cola, tesoura, borracha, r\u00e9gua e apontador.<\/p>\n<p>\u201cSabemos das dificuldades dos pais desses alunos e como a compra dos materiais onera o seu or\u00e7amento. S\u00e3o pessoas que n\u00e3o tem condi\u00e7\u00f5es para comprar e precisam de ajuda\u201d, explica a coordenadora do projeto Aline Zaquine.<\/p>\n<p>As doa\u00e7\u00f5es podem ser entregues na recep\u00e7\u00e3o da Catedral, situada na Rua Santo Ant\u00f4nio, n\u00ba1201. O atendimento \u00e9 de segunda a s\u00e1bado \u00e9 das 8h \u00e0s 21h.<\/p>\n","protected":false},"excerpt":{"rendered":"<p>O grupo \u201cAnjos da Miseric\u00f3rdia\u201d, da Catedral Metropolitana de Juiz de Fora, realiza, at\u00e9 o dia 31 de janeiro, uma campanha de arrecada\u00e7\u00e3o de materiais escolares. O intuito \u00e9 beneficiar cerca de 230 crian\u00e7as e adolescentes de baixa renda, matriculados em escolas p\u00fablicas do munic\u00edpio. Na terceira edi\u00e7\u00e3o do projeto, est\u00e3o sendo recolhidos caderno brochur\u00e3o [&hellip;]<\/p>\n","protected":false},"author":96,"featured_media":0,"comment_status":"closed","ping_status":"closed","sticky":false,"template":"","format":"standard","meta":{"footnotes":""},"categories":[253],"tags":[],"class_list":["post-89374","post","type-post","status-publish","format-standard","hentry","category-cidade"],"_links":{"self":[{"href":"https:\/\/diarioregionaldigital.com.br\/index.php?rest_route=\/wp\/v2\/posts\/89374","targetHints":{"allow":["GET"]}}],"collection":[{"href":"https:\/\/diarioregionaldigital.com.br\/index.php?rest_route=\/wp\/v2\/posts"}],"about":[{"href":"https:\/\/diarioregionaldigital.com.br\/index.php?rest_route=\/wp\/v2\/types\/post"}],"author":[{"embeddable":true,"href":"https:\/\/diarioregionaldigital.com.br\/index.php?rest_route=\/wp\/v2\/users\/96"}],"replies":[{"embeddable":true,"href":"https:\/\/diarioregionaldigital.com.br\/index.php?rest_route=%2Fwp%2Fv2%2Fcomments&post=89374"}],"version-history":[{"count":0,"href":"https:\/\/diarioregionaldigital.com.br\/index.php?rest_route=\/wp\/v2\/posts\/89374\/revisions"}],"wp:attachment":[{"href":"https:\/\/diarioregionaldigital.com.br\/index.php?rest_route=%2Fwp%2Fv2%2Fmedia&parent=89374"}],"wp:term":[{"taxonomy":"category","embeddable":true,"href":"https:\/\/diarioregionaldigital.com.br\/index.php?rest_route=%2Fwp%2Fv2%2Fcategories&post=89374"},{"taxonomy":"post_tag","embeddable":true,"href":"https:\/\/diarioregionaldigital.com.br\/index.php?rest_route=%2Fwp%2Fv2%2Ftags&post=89374"}],"curies":[{"name":"wp","href":"https:\/\/api.w.org\/{rel}","templated":true}]}}