{"id":89373,"date":"2018-01-11T22:37:30","date_gmt":"2018-01-12T00:37:30","guid":{"rendered":"http:\/\/diarioregionaljf.com.br\/2018\/01\/11\/de-bobeira\/"},"modified":"2018-01-11T22:37:30","modified_gmt":"2018-01-12T00:37:30","slug":"de-bobeira","status":"publish","type":"post","link":"https:\/\/diarioregionaldigital.com.br\/?p=89373","title":{"rendered":"De bobeira"},"content":{"rendered":"<p>Ainda no clima das f\u00e9rias, de bobeira em casa? Aproveite para aprofundar seus conhecimentos em Moda !Fique de olho nestes seis document\u00e1rios :<\/p>\n<p><strong>1- Fresh Dressed<\/strong><\/p>\n<p>Com depoimentos de Kanye West e Pharrell Williams, este document\u00e1rio mostra a rela\u00e7\u00e3o entre moda e hip hop, mostrando como essa cultura foi respons\u00e1vel pelo nascimento de um dos maiores movimentos presentes hoje no mundo da moda!<\/p>\n<p>&nbsp;<\/p>\n<p><strong>2- Lagerfeld Confidential<\/strong><\/p>\n<p>O document\u00e1rio sobre Karl Lagerfeld procura desvendar a vida do estilista, revelando suas influ\u00eancias e particularidades de sua personalidade enigm\u00e1tica. Foram tr\u00eas anos de filmagens para trazer ao espectador o retrato mais \u00edntimo do estilista at\u00e9 ent\u00e3o!<\/p>\n<p>&nbsp;<\/p>\n<p><strong>3- Bill Cunningham New York<\/strong><\/p>\n<p>Para quem gosta de moda e fotografia, esse document\u00e1rio conta a hist\u00f3ria do precursor das fotos de street style, o fot\u00f3grafo do New York Times Bill Cunningham.<\/p>\n<p>&nbsp;<\/p>\n<p><strong>4- The Secret World of Haute Couture<\/strong><\/p>\n<p>A Alta Costura \u00e9 um universo bem exclusivo e, para nos dar a chance de mergulhar nesse mundo por alguns minutos, a BBC produziu um document\u00e1rio com designer e clientes revelando o que significa pertencer a esse clube seleto.<\/p>\n<p>&nbsp;<\/p>\n<p><strong>5- McQueen and I<\/strong><\/p>\n<p>Lan\u00e7ado em 2011 para comemorar um ano do falecimento do estilista, o document\u00e1rio mostra a trajet\u00f3ria dele at\u00e9 as passarelas de Paris.<\/p>\n<p>&nbsp;<\/p>\n<p><strong>6- Fashion Victim: The Killing of Gianni Versace<\/strong><\/p>\n<p>O document\u00e1rio conta a hist\u00f3ria de uma das maiores trag\u00e9dias do mundo da moda, o assassinato de Versace, explorando a s\u00e9rie de eventos que levou \u00e0 sua morte e o impacto causado no mundo da moda.<\/p>\n<p>&nbsp;<\/p>\n<h4>QUEM L\u00ca SABE MAIS<\/h4>\n<p><strong>&#8220;Moda: uma filosofia&#8221;, de&nbsp;Lars Svendsen<\/strong><\/p>\n<p>Nesse livro de leitura \u00e1gil, por\u00e9m esclarecedora, Svendsen traz a tona mais uma vez uma quest\u00e3o recorrente na moda: o que vestimos define quem somos? Refer\u00eancias que v\u00e3o do pop \u00e0 arte contempor\u00e2nea contribuem para que essa discuss\u00e3o caminhe tamb\u00e9m pela filosofia e aborda um princ\u00edpio fundamental da moda: a busca pelo novo. Reunindo pensamentos de grandes mentes como Kant, por exemplo, esse livro merece um lugar especial na cabeceira dos amantes do assunto.<\/p>\n<p class=\"MsoNormal\" style=\"margin-bottom: 10.0pt; line-height: 115%;\"><span style=\"font-size: 11.0pt; line-height: 115%; font-family: 'Calibri','sans-serif'; mso-fareast-font-family: Calibri; mso-ansi-language: PT-BR; mso-fareast-language: EN-US;\"><\/span><\/p>\n<p class=\"MsoNormal\" style=\"margin-bottom: 10.0pt; line-height: 115%;\"><span style=\"font-size: 11.0pt; line-height: 115%; font-family: 'Calibri','sans-serif'; mso-fareast-font-family: Calibri; mso-ansi-language: PT-BR; mso-fareast-language: EN-US;\"><\/p>\n<p> <\/span><\/p>\n","protected":false},"excerpt":{"rendered":"<p>Ainda no clima das f\u00e9rias, de bobeira em casa? Aproveite para aprofundar seus conhecimentos em Moda !Fique de olho nestes seis document\u00e1rios : 1- Fresh Dressed Com depoimentos de Kanye West e Pharrell Williams, este document\u00e1rio mostra a rela\u00e7\u00e3o entre moda e hip hop, mostrando como essa cultura foi respons\u00e1vel pelo nascimento de um dos [&hellip;]<\/p>\n","protected":false},"author":96,"featured_media":0,"comment_status":"closed","ping_status":"closed","sticky":false,"template":"","format":"standard","meta":{"footnotes":""},"categories":[285],"tags":[],"class_list":["post-89373","post","type-post","status-publish","format-standard","hentry","category-moda-ana-paula-calixto"],"_links":{"self":[{"href":"https:\/\/diarioregionaldigital.com.br\/index.php?rest_route=\/wp\/v2\/posts\/89373","targetHints":{"allow":["GET"]}}],"collection":[{"href":"https:\/\/diarioregionaldigital.com.br\/index.php?rest_route=\/wp\/v2\/posts"}],"about":[{"href":"https:\/\/diarioregionaldigital.com.br\/index.php?rest_route=\/wp\/v2\/types\/post"}],"author":[{"embeddable":true,"href":"https:\/\/diarioregionaldigital.com.br\/index.php?rest_route=\/wp\/v2\/users\/96"}],"replies":[{"embeddable":true,"href":"https:\/\/diarioregionaldigital.com.br\/index.php?rest_route=%2Fwp%2Fv2%2Fcomments&post=89373"}],"version-history":[{"count":0,"href":"https:\/\/diarioregionaldigital.com.br\/index.php?rest_route=\/wp\/v2\/posts\/89373\/revisions"}],"wp:attachment":[{"href":"https:\/\/diarioregionaldigital.com.br\/index.php?rest_route=%2Fwp%2Fv2%2Fmedia&parent=89373"}],"wp:term":[{"taxonomy":"category","embeddable":true,"href":"https:\/\/diarioregionaldigital.com.br\/index.php?rest_route=%2Fwp%2Fv2%2Fcategories&post=89373"},{"taxonomy":"post_tag","embeddable":true,"href":"https:\/\/diarioregionaldigital.com.br\/index.php?rest_route=%2Fwp%2Fv2%2Ftags&post=89373"}],"curies":[{"name":"wp","href":"https:\/\/api.w.org\/{rel}","templated":true}]}}