{"id":89370,"date":"2018-01-11T22:17:50","date_gmt":"2018-01-12T00:17:50","guid":{"rendered":"http:\/\/diarioregionaljf.com.br\/2018\/01\/11\/click-in-moda-14-janeiro\/"},"modified":"2018-01-11T22:17:50","modified_gmt":"2018-01-12T00:17:50","slug":"click-in-moda-14-janeiro","status":"publish","type":"post","link":"https:\/\/diarioregionaldigital.com.br\/?p=89370","title":{"rendered":"Click in Moda"},"content":{"rendered":"<p style=\"text-align: justify;\">O click da semana \u00e9 do fera Felipe Bolpato para a lind\u00edssima Yasmim Marinho (Patr\u00edcia Alvim Agency), estrela do editorial Palau Summer. Beleza Renata Falci .<\/p>\n<p>&nbsp;<\/p>\n<\/p>\n<p>&nbsp;<\/p>\n","protected":false},"excerpt":{"rendered":"<p>O click da semana \u00e9 do fera Felipe Bolpato para a lind\u00edssima Yasmim Marinho (Patr\u00edcia Alvim Agency), estrela do editorial Palau Summer. Beleza Renata Falci . &nbsp; &nbsp;<\/p>\n","protected":false},"author":96,"featured_media":89369,"comment_status":"closed","ping_status":"closed","sticky":false,"template":"","format":"standard","meta":{"footnotes":""},"categories":[285],"tags":[],"class_list":["post-89370","post","type-post","status-publish","format-standard","has-post-thumbnail","hentry","category-moda-ana-paula-calixto"],"_links":{"self":[{"href":"https:\/\/diarioregionaldigital.com.br\/index.php?rest_route=\/wp\/v2\/posts\/89370","targetHints":{"allow":["GET"]}}],"collection":[{"href":"https:\/\/diarioregionaldigital.com.br\/index.php?rest_route=\/wp\/v2\/posts"}],"about":[{"href":"https:\/\/diarioregionaldigital.com.br\/index.php?rest_route=\/wp\/v2\/types\/post"}],"author":[{"embeddable":true,"href":"https:\/\/diarioregionaldigital.com.br\/index.php?rest_route=\/wp\/v2\/users\/96"}],"replies":[{"embeddable":true,"href":"https:\/\/diarioregionaldigital.com.br\/index.php?rest_route=%2Fwp%2Fv2%2Fcomments&post=89370"}],"version-history":[{"count":0,"href":"https:\/\/diarioregionaldigital.com.br\/index.php?rest_route=\/wp\/v2\/posts\/89370\/revisions"}],"wp:featuredmedia":[{"embeddable":true,"href":"https:\/\/diarioregionaldigital.com.br\/index.php?rest_route=\/wp\/v2\/media\/89369"}],"wp:attachment":[{"href":"https:\/\/diarioregionaldigital.com.br\/index.php?rest_route=%2Fwp%2Fv2%2Fmedia&parent=89370"}],"wp:term":[{"taxonomy":"category","embeddable":true,"href":"https:\/\/diarioregionaldigital.com.br\/index.php?rest_route=%2Fwp%2Fv2%2Fcategories&post=89370"},{"taxonomy":"post_tag","embeddable":true,"href":"https:\/\/diarioregionaldigital.com.br\/index.php?rest_route=%2Fwp%2Fv2%2Ftags&post=89370"}],"curies":[{"name":"wp","href":"https:\/\/api.w.org\/{rel}","templated":true}]}}