{"id":89368,"date":"2018-01-11T22:11:35","date_gmt":"2018-01-12T00:11:35","guid":{"rendered":"http:\/\/diarioregionaljf.com.br\/2018\/01\/11\/custo-da-cesta-basica-regional-tem-aumento-de-8-88\/"},"modified":"2018-01-11T22:11:35","modified_gmt":"2018-01-12T00:11:35","slug":"custo-da-cesta-basica-regional-tem-aumento-de-8-88","status":"publish","type":"post","link":"https:\/\/diarioregionaldigital.com.br\/?p=89368","title":{"rendered":"Custo da cesta b\u00e1sica regional tem aumento de 8,87%"},"content":{"rendered":"<p>A pesquisa semanal de pre\u00e7os realizada pela Secretaria de Agropecu\u00e1ria e Abastecimento (SAA) da Prefeitura de Juiz de Fora (PJF), divulgada nesta quinta-feira, 11, revelou aumento no pre\u00e7o da cesta b\u00e1sica regional. O valor registrado foi de R$390,76.<\/p>\n<p>Em compara\u00e7\u00e3o com a semana anterior, ficou R$ 31,83 mais cara. Em percentual, o aumento foi de 8,87%. O valor atual representa 44,52% do sal\u00e1rio m\u00ednimo, equivalente a 13 dias de trabalho.<\/p>\n<p>Considerando uma fam\u00edlia com quatro pessoas, sendo duas adultas e duas crian\u00e7as, e levando em conta a propor\u00e7\u00e3o de duas crian\u00e7as por uma pessoa adulta, o gasto ser\u00e1 de R$1.172,29, conforme c\u00e1lculo realizado pelo Departamento Intersindical de Estat\u00edsticas e Estudos Socioecon\u00f4micos (Dieese) e da SAA.<\/p>\n<p>Os produtos que apresentam os maiores aumentos de pre\u00e7o na semana s\u00e3o alho (38,07%), banana prata (33,93%) e folhosos (22,87%). As maiores quedas foram registradas por farinha de trigo (-8,51%), frango desfiado (-5,88%) e carne bovina de segunda (-4,69%).<\/p>\n<hr \/>\n<p>&nbsp;Fonte: Assessoria\/PJF<\/p>\n","protected":false},"excerpt":{"rendered":"<p>A pesquisa semanal de pre\u00e7os realizada pela Secretaria de Agropecu\u00e1ria e Abastecimento (SAA) da Prefeitura de Juiz de Fora (PJF), divulgada nesta quinta-feira, 11, revelou aumento no pre\u00e7o da cesta b\u00e1sica regional. O valor registrado foi de R$390,76. Em compara\u00e7\u00e3o com a semana anterior, ficou R$ 31,83 mais cara. Em percentual, o aumento foi de [&hellip;]<\/p>\n","protected":false},"author":96,"featured_media":89367,"comment_status":"closed","ping_status":"closed","sticky":false,"template":"","format":"standard","meta":{"footnotes":""},"categories":[261],"tags":[],"class_list":["post-89368","post","type-post","status-publish","format-standard","has-post-thumbnail","hentry","category-economia"],"_links":{"self":[{"href":"https:\/\/diarioregionaldigital.com.br\/index.php?rest_route=\/wp\/v2\/posts\/89368","targetHints":{"allow":["GET"]}}],"collection":[{"href":"https:\/\/diarioregionaldigital.com.br\/index.php?rest_route=\/wp\/v2\/posts"}],"about":[{"href":"https:\/\/diarioregionaldigital.com.br\/index.php?rest_route=\/wp\/v2\/types\/post"}],"author":[{"embeddable":true,"href":"https:\/\/diarioregionaldigital.com.br\/index.php?rest_route=\/wp\/v2\/users\/96"}],"replies":[{"embeddable":true,"href":"https:\/\/diarioregionaldigital.com.br\/index.php?rest_route=%2Fwp%2Fv2%2Fcomments&post=89368"}],"version-history":[{"count":0,"href":"https:\/\/diarioregionaldigital.com.br\/index.php?rest_route=\/wp\/v2\/posts\/89368\/revisions"}],"wp:featuredmedia":[{"embeddable":true,"href":"https:\/\/diarioregionaldigital.com.br\/index.php?rest_route=\/wp\/v2\/media\/89367"}],"wp:attachment":[{"href":"https:\/\/diarioregionaldigital.com.br\/index.php?rest_route=%2Fwp%2Fv2%2Fmedia&parent=89368"}],"wp:term":[{"taxonomy":"category","embeddable":true,"href":"https:\/\/diarioregionaldigital.com.br\/index.php?rest_route=%2Fwp%2Fv2%2Fcategories&post=89368"},{"taxonomy":"post_tag","embeddable":true,"href":"https:\/\/diarioregionaldigital.com.br\/index.php?rest_route=%2Fwp%2Fv2%2Ftags&post=89368"}],"curies":[{"name":"wp","href":"https:\/\/api.w.org\/{rel}","templated":true}]}}