{"id":89366,"date":"2018-01-11T22:07:56","date_gmt":"2018-01-12T00:07:56","guid":{"rendered":"http:\/\/diarioregionaljf.com.br\/2018\/01\/11\/prefeitura-fiscaliza-feira-noturna-para-melhorar-organizacao\/"},"modified":"2018-01-11T22:07:56","modified_gmt":"2018-01-12T00:07:56","slug":"prefeitura-fiscaliza-feira-noturna-para-melhorar-organizacao","status":"publish","type":"post","link":"https:\/\/diarioregionaldigital.com.br\/?p=89366","title":{"rendered":"Prefeitura fiscaliza feira noturna para melhorar organiza\u00e7\u00e3o"},"content":{"rendered":"<p>Nessa quarta-feira, 10, a Prefeitura de Juiz de Fora (PJF) deu continuidade \u00e0 fiscaliza\u00e7\u00e3o da feira livre noturna da Pra\u00e7a Ant\u00f4nio Carlos. O objetivo \u00e9 corrigir situa\u00e7\u00f5es que possam comprometer o bom funcionamento desse com\u00e9rcio, que vem atraindo cerca de cinco mil visitantes por edi\u00e7\u00e3o, movimentando a economia e gerando empregos.<\/p>\n<p>A a\u00e7\u00e3o contou com servidores das Secretarias de Agropecu\u00e1ria e Abastecimento (SAA), de Atividades Urbanas (SAU), de Desenvolvimento Social (SDS), de Transporte e Tr\u00e2nsito (Settra), da Secretaria de Seguran\u00e7a Urbana e Cidadania (Sesuc), do Departamento Municipal de Limpeza (Demlurb), da Guarda Municipal e da Pol\u00edcia Militar.<\/p>\n<p>Durante a a\u00e7\u00e3o, a SAU verificou quest\u00f5es relacionadas \u00e0s posturas municipais, como com\u00e9rcio ambulante irregular e poss\u00edveis obstru\u00e7\u00f5es de espa\u00e7os p\u00fablicos. A SAA tamb\u00e9m intensificou as a\u00e7\u00f5es de fiscaliza\u00e7\u00e3o, verificando alvar\u00e1s dos feirantes, produtos e mercadorias comercializados, al\u00e9m da localiza\u00e7\u00e3o das barracas.<\/p>\n<p>A Settra verificou estacionamentos em locais proibidos e situa\u00e7\u00f5es gerais de infra\u00e7\u00f5es de tr\u00e2nsito em todo o entorno do evento. J\u00e1 a SDS ficou por conta de abordagens sociais a moradores em situa\u00e7\u00e3o de rua, e o Demlurb, pela limpeza da pra\u00e7a. Al\u00e9m disso, a Guarda Municipal esteve na feira livre para apoiar os servidores na execu\u00e7\u00e3o dos trabalhos, e tamb\u00e9m para garantir a utiliza\u00e7\u00e3o adequada dos espa\u00e7os, como a pista de skate, por exemplo.<\/p>\n<p>Ao longo da pra\u00e7a, foram distribu\u00eddos cavaletes com a seguinte mensagem: \u201cLixo s\u00f3 no lixo! Evite ser multado. Cuide da nossa cidade\u201d. O material chama a aten\u00e7\u00e3o para a necessidade de conscientiza\u00e7\u00e3o sobre a Lei n\u00ba 12.924, que pro\u00edbe ao cidad\u00e3o jogar lixo nos logradouros p\u00fablicos nos limites do munic\u00edpio, a fim de evitar problemas como entupimentos das redes de drenagem e posteriores alagamentos; comprometimentos da sa\u00fade p\u00fablica e da est\u00e9tica da cidade; e preju\u00edzos \u00e0 mobilidade, com ac\u00famulo de res\u00edduos.<\/p>\n<h4>Feira noturna<\/h4>\n<p>A primeira feira livre noturna de Juiz de Fora, que acontece sempre \u00e0s quartas-feiras, das 16 horas \u00e0s 22h30, na Pra\u00e7a Ant\u00f4nio Carlos, foi inaugurada em maio de 2017. O projeto da SAA fomenta a participa\u00e7\u00e3o dos pequenos produtores da cidade e regi\u00e3o no abastecimento e na oferta de alimentos de alta qualidade \u00e0 popula\u00e7\u00e3o. Atualmente, a PJF mant\u00e9m 16 feiras livres.<\/p>\n<hr \/>\n<p>&nbsp;Fonte: Assessoria\/PJF<\/p>\n","protected":false},"excerpt":{"rendered":"<p>Nessa quarta-feira, 10, a Prefeitura de Juiz de Fora (PJF) deu continuidade \u00e0 fiscaliza\u00e7\u00e3o da feira livre noturna da Pra\u00e7a Ant\u00f4nio Carlos. O objetivo \u00e9 corrigir situa\u00e7\u00f5es que possam comprometer o bom funcionamento desse com\u00e9rcio, que vem atraindo cerca de cinco mil visitantes por edi\u00e7\u00e3o, movimentando a economia e gerando empregos. A a\u00e7\u00e3o contou com [&hellip;]<\/p>\n","protected":false},"author":96,"featured_media":89365,"comment_status":"closed","ping_status":"closed","sticky":false,"template":"","format":"standard","meta":{"footnotes":""},"categories":[253],"tags":[],"class_list":["post-89366","post","type-post","status-publish","format-standard","has-post-thumbnail","hentry","category-cidade"],"_links":{"self":[{"href":"https:\/\/diarioregionaldigital.com.br\/index.php?rest_route=\/wp\/v2\/posts\/89366","targetHints":{"allow":["GET"]}}],"collection":[{"href":"https:\/\/diarioregionaldigital.com.br\/index.php?rest_route=\/wp\/v2\/posts"}],"about":[{"href":"https:\/\/diarioregionaldigital.com.br\/index.php?rest_route=\/wp\/v2\/types\/post"}],"author":[{"embeddable":true,"href":"https:\/\/diarioregionaldigital.com.br\/index.php?rest_route=\/wp\/v2\/users\/96"}],"replies":[{"embeddable":true,"href":"https:\/\/diarioregionaldigital.com.br\/index.php?rest_route=%2Fwp%2Fv2%2Fcomments&post=89366"}],"version-history":[{"count":0,"href":"https:\/\/diarioregionaldigital.com.br\/index.php?rest_route=\/wp\/v2\/posts\/89366\/revisions"}],"wp:featuredmedia":[{"embeddable":true,"href":"https:\/\/diarioregionaldigital.com.br\/index.php?rest_route=\/wp\/v2\/media\/89365"}],"wp:attachment":[{"href":"https:\/\/diarioregionaldigital.com.br\/index.php?rest_route=%2Fwp%2Fv2%2Fmedia&parent=89366"}],"wp:term":[{"taxonomy":"category","embeddable":true,"href":"https:\/\/diarioregionaldigital.com.br\/index.php?rest_route=%2Fwp%2Fv2%2Fcategories&post=89366"},{"taxonomy":"post_tag","embeddable":true,"href":"https:\/\/diarioregionaldigital.com.br\/index.php?rest_route=%2Fwp%2Fv2%2Ftags&post=89366"}],"curies":[{"name":"wp","href":"https:\/\/api.w.org\/{rel}","templated":true}]}}