{"id":89364,"date":"2018-01-11T21:58:24","date_gmt":"2018-01-11T23:58:24","guid":{"rendered":"http:\/\/diarioregionaljf.com.br\/2018\/01\/11\/folioes-poderao-utilizar-celular-para-conferir-programacao-e-ruas-interditadas-durante-o-carnaval\/"},"modified":"2018-01-11T21:58:24","modified_gmt":"2018-01-11T23:58:24","slug":"folioes-poderao-utilizar-celular-para-conferir-programacao-e-ruas-interditadas-durante-o-carnaval","status":"publish","type":"post","link":"https:\/\/diarioregionaldigital.com.br\/?p=89364","title":{"rendered":"Foli\u00f5es poder\u00e3o utilizar celular para conferir programa\u00e7\u00e3o e ruas interditadas durante o Carnaval"},"content":{"rendered":"<p>A Funda\u00e7\u00e3o Cultural Alfredo Ferreira Lage (Funalfa) apresentou na tarde dessa quinta-feira, 11, em coletiva de imprensa, a identidade visual do Carnaval deste ano. Colorida e com estampas de frutas, remetendo ao tropical e \u00e0 brasilidade, a festividade foi nomeada de \u201cCarnaval Juiz de Fora 2018: Festa pra todo gosto!\u201d.<\/p>\n<p>Na ocasi\u00e3o, o superintendente da Funalfa, R\u00f4mulo Veiga, tamb\u00e9m apresentou as novidades da edi\u00e7\u00e3o deste ano. Usando a tecnologia para auxiliar os foli\u00f5es e para difundir os eventos, a Funda\u00e7\u00e3o lan\u00e7ar\u00e1 o mapa da folia e, em parceria com a Secretaria de Transporte e Tr\u00e2nsito (Settra), vai disponibilizar no aplicativo Waze as ruas interditadas devido \u00e0s festividades. \u201cEstamos criando um site, com intera\u00e7\u00e3o mobile, que vai colocar no mapa da cidade todas as atividades carnavalescas. Assim, o foli\u00e3o poder\u00e1 filtrar pela sua escolha como tipo de evento, hor\u00e1rio, regi\u00e3o\u201d, explicou Veiga sobre o mapa da folia. \u201cAl\u00e9m de incorporar as informa\u00e7\u00f5es, principalmente relativas ao fechamento de ruas, o Waze tamb\u00e9m vai oferecer rotas alternativas para aqueles que precisam fugir da interdi\u00e7\u00e3o\u201d, acrescentou.<\/p>\n<p>Outra novidade \u00e9 que os juiz-foranos tamb\u00e9m poder\u00e3o curtir o domingo de Carnaval, 11 de fevereiro, nas ruas. \u201cN\u00e3o tinha costume de ter um evento na cidade no domingo de Carnaval, por isso, criamos um evento carnavalesco que este ano ir\u00e1 homenagear o centen\u00e1rio do sambista Geraldo Pereira. O evento come\u00e7a \u00e0s 10h, com uma matin\u00ea. Em seguida, ter\u00e1 algumas apresenta\u00e7\u00f5es e se encerrar\u00e1 com o show da Sandra Portela, \u00e0s 17h\u201d, contou o superintendente.<\/p>\n<p>&nbsp;<\/p>\n<h4>CARNAVAL DE RUA<\/h4>\n<p>O Carnaval de rua vai ser mantido no modelo do anos anteriores, com ades\u00e3o dos blocos via edital. \u201cO prazo se encerra nesta sexta-feira, 12. O bloco \u00e9 inscrito, avaliado pela Comiss\u00e3o de Carnaval e, se aprovado, entra no calend\u00e1rio oficial de bloco da Prefeitura\u201d, ressaltou Veiga. \u201cTamb\u00e9m tem o Corredor da folia, que \u00e9 compostos pelos blocos maiores e mais tradicionais, que desfilam no Centro da cidade, e atividades art\u00edsticas e shows na Pra\u00e7a Ant\u00f4nio Carlos, que acontecem uma semana antes do Carnaval\u201d, completou.<\/p>\n<p>No ano passado, foram investidos cerca de R$480 mil no Carnaval de Rua da Cidade, no qual 64, dos 69 blocos inscritos, foram para as ruas. Para 2018, a Funda\u00e7\u00e3o prev\u00ea o mesmo or\u00e7amento e j\u00e1 teve 40 inscritos. Dentre as solicita\u00e7\u00f5es, possuem eventos de 26 de janeiro a 13 de fevereiro.<\/p>\n<p>A Comiss\u00e3o de Carnaval \u00e9 composta, al\u00e9m da Funalfa, pelas Secretarias de Governo, Transporte e Tr\u00e2nsito e Atividades Urbanas; Pol\u00edcia Militar (PM) e Bombeiros, o que facilita a an\u00e1lise do bloco. \u201cA PM disponibilizou este nosso modelo para os outros munic\u00edpios, para que eles possam seguir\u201d, contou Veiga.<\/p>\n<p>&nbsp;<\/p>\n<h4>DESFILES DAS ESCOLAS DE SAMBA<\/h4>\n<p>Este ano, n\u00e3o ser\u00e3o realizados os desfiles das escolas de samba. Por\u00e9m, ao longo do ano, a Funda\u00e7\u00e3o ir\u00e1 trabalhar para garantir o de 2019. \u201cA gente vai manter a pol\u00edtica de incentivos socioculturais, ent\u00e3o vamos renovar projeto que temos aprovado no Minist\u00e9rio da Cultura prorrogando-o para o ano que vem. Al\u00e9m disso, estamos reservando R$150 mil que ser\u00e1 destinado ao Fundo Municipal de Cultura, que vai sair via edital de requalifica\u00e7\u00e3o das escolas de samba\u201d, afirmou Veiga.<\/p>\n<p>As diretrizes do edital ser\u00e3o tra\u00e7adas ap\u00f3s reuni\u00e3o entre a Funda\u00e7\u00e3o e as escolas de samba, que o superintendente prev\u00ea que ocorra depois do Carnaval e a expectativa \u00e9 de que ele seja lan\u00e7ado em mar\u00e7o ou abril. \u201cEssa requalifica\u00e7\u00e3o podem ser reformas, projetos, que s\u00e3o importantes para que elas consigam buscar outras leis de incentivo cultural e tamb\u00e9m poder\u00e1 financiar atividades anuais nas quadras das escolas, como uma oficina de percuss\u00e3o para os jovens da comunidade.<\/p>\n<p>Essas atividades precisam resgatar a intera\u00e7\u00e3o comunit\u00e1ria que as escolas n\u00e3o possuem por diversos problemas, dentre eles, de ordem financeira\u201d, ponderou.<\/p>\n<p>Em 2017, a Prefeitura de Juiz de Fora (PJF) investiu 1,2 milh\u00e3o no desfile das escolas de samba. As agremia\u00e7\u00f5es do grupo especial receberam R$60 mil e as do grupo de acesso R$30 mil. \u201cA PJF arca com tudo, por isso, \u00e9 um valor muito alto para ele, mas pouco para o evento\u201d, disse.<\/p>\n<p>&nbsp;<\/p>\n<h4>CAMPANHA DE CONSCIENTIZA\u00c7\u00c3O<\/h4>\n<p>Outro ponto importante desta edi\u00e7\u00e3o do Carnaval juiz-forano ser\u00e1 a campanha de conscientiza\u00e7\u00e3o. \u201cA gente tem quest\u00f5es muito sens\u00edveis em rela\u00e7\u00e3o \u00e0s diferen\u00e7as, as mulheres, que principalmente no Carnaval, sofrem ass\u00e9dio. Por isso, a gente vai investir muito na campanha de conscientiza\u00e7\u00e3o com humor, para ter maior intera\u00e7\u00e3o poss\u00edvel, e linguagem mais leve, para facilitar a difus\u00e3o nas redes sociais\u201d, explicou o superintendente. \u201cCarnaval \u00e9 um momento de felicidade e alegria, e n\u00e3o permite que voc\u00ea invada o espa\u00e7o do outro, principalmente de maneira agressiva. \u00c9 poss\u00edvel se divertir respeitando o outro e a cidade\u201d, finalizou.<\/p>\n","protected":false},"excerpt":{"rendered":"<p>A Funda\u00e7\u00e3o Cultural Alfredo Ferreira Lage (Funalfa) apresentou na tarde dessa quinta-feira, 11, em coletiva de imprensa, a identidade visual do Carnaval deste ano. Colorida e com estampas de frutas, remetendo ao tropical e \u00e0 brasilidade, a festividade foi nomeada de \u201cCarnaval Juiz de Fora 2018: Festa pra todo gosto!\u201d. Na ocasi\u00e3o, o superintendente da [&hellip;]<\/p>\n","protected":false},"author":96,"featured_media":89363,"comment_status":"closed","ping_status":"closed","sticky":false,"template":"","format":"standard","meta":{"footnotes":""},"categories":[253],"tags":[],"class_list":["post-89364","post","type-post","status-publish","format-standard","has-post-thumbnail","hentry","category-cidade"],"_links":{"self":[{"href":"https:\/\/diarioregionaldigital.com.br\/index.php?rest_route=\/wp\/v2\/posts\/89364","targetHints":{"allow":["GET"]}}],"collection":[{"href":"https:\/\/diarioregionaldigital.com.br\/index.php?rest_route=\/wp\/v2\/posts"}],"about":[{"href":"https:\/\/diarioregionaldigital.com.br\/index.php?rest_route=\/wp\/v2\/types\/post"}],"author":[{"embeddable":true,"href":"https:\/\/diarioregionaldigital.com.br\/index.php?rest_route=\/wp\/v2\/users\/96"}],"replies":[{"embeddable":true,"href":"https:\/\/diarioregionaldigital.com.br\/index.php?rest_route=%2Fwp%2Fv2%2Fcomments&post=89364"}],"version-history":[{"count":0,"href":"https:\/\/diarioregionaldigital.com.br\/index.php?rest_route=\/wp\/v2\/posts\/89364\/revisions"}],"wp:featuredmedia":[{"embeddable":true,"href":"https:\/\/diarioregionaldigital.com.br\/index.php?rest_route=\/wp\/v2\/media\/89363"}],"wp:attachment":[{"href":"https:\/\/diarioregionaldigital.com.br\/index.php?rest_route=%2Fwp%2Fv2%2Fmedia&parent=89364"}],"wp:term":[{"taxonomy":"category","embeddable":true,"href":"https:\/\/diarioregionaldigital.com.br\/index.php?rest_route=%2Fwp%2Fv2%2Fcategories&post=89364"},{"taxonomy":"post_tag","embeddable":true,"href":"https:\/\/diarioregionaldigital.com.br\/index.php?rest_route=%2Fwp%2Fv2%2Ftags&post=89364"}],"curies":[{"name":"wp","href":"https:\/\/api.w.org\/{rel}","templated":true}]}}