{"id":89362,"date":"2018-01-11T21:49:46","date_gmt":"2018-01-11T23:49:46","guid":{"rendered":"http:\/\/diarioregionaljf.com.br\/2018\/01\/11\/cesama-interliga-rede-no-centro-e-abastecimento-pode-ficar-comprometido-na-travessa-professor-leonelo-fortini-no-sabado\/"},"modified":"2018-01-11T21:49:46","modified_gmt":"2018-01-11T23:49:46","slug":"cesama-interliga-rede-no-centro-e-abastecimento-pode-ficar-comprometido-na-travessa-professor-leonelo-fortini-no-sabado","status":"publish","type":"post","link":"https:\/\/diarioregionaldigital.com.br\/?p=89362","title":{"rendered":"Cesama interliga rede no Centro, e abastecimento pode ficar comprometido na Travessa Professor Leonelo Fortini no s\u00e1bado"},"content":{"rendered":"<p>No pr\u00f3ximo s\u00e1bado, 13, a Companhia de Saneamento Municipal (Cesama) interligar\u00e1 a rede da \u00e1gua da Travessa Professor Leonelo Fortini com a nova tubula\u00e7\u00e3o da Rua Santo Ant\u00f4nio, no Centro. A a\u00e7\u00e3o faz parte de um projeto de remodela\u00e7\u00e3o do sistema de abastecimento da \u00e1rea central da cidade, que vai modernizar e melhorar o fornecimento de \u00e1gua local.<\/p>\n<p>Para a execu\u00e7\u00e3o dos servi\u00e7os, ser\u00e1 preciso interditar parcialmente o tr\u00e2nsito no trecho. Al\u00e9m disso, o fornecimento de \u00e1gua para o local ser\u00e1 interrompido das 8 \u00e0s 17 horas. A previs\u00e3o \u00e9 de que a interven\u00e7\u00e3o seja conclu\u00edda no mesmo dia.<\/p>\n<p>As a\u00e7\u00f5es de remodela\u00e7\u00e3o s\u00e3o realizadas ao longo de todo o ano, seguindo programa\u00e7\u00e3o de prioridades, quando \u00e9 avaliada a necessidade de troca. Esta an\u00e1lise leva em conta a antiguidade e o desgaste do material, o fato de o dimensionamento da tubula\u00e7\u00e3o j\u00e1 n\u00e3o ser compat\u00edvel com o n\u00famero de im\u00f3veis atendidos e os transtornos causados aos usu\u00e1rios do sistema, al\u00e9m dos custos de manuten\u00e7\u00e3o.<\/p>\n<hr \/>\n<p>&nbsp;Fonte: Assessoria\/PJF<\/p>\n","protected":false},"excerpt":{"rendered":"<p>No pr\u00f3ximo s\u00e1bado, 13, a Companhia de Saneamento Municipal (Cesama) interligar\u00e1 a rede da \u00e1gua da Travessa Professor Leonelo Fortini com a nova tubula\u00e7\u00e3o da Rua Santo Ant\u00f4nio, no Centro. A a\u00e7\u00e3o faz parte de um projeto de remodela\u00e7\u00e3o do sistema de abastecimento da \u00e1rea central da cidade, que vai modernizar e melhorar o fornecimento [&hellip;]<\/p>\n","protected":false},"author":96,"featured_media":89361,"comment_status":"closed","ping_status":"closed","sticky":false,"template":"","format":"standard","meta":{"footnotes":""},"categories":[253],"tags":[],"class_list":["post-89362","post","type-post","status-publish","format-standard","has-post-thumbnail","hentry","category-cidade"],"_links":{"self":[{"href":"https:\/\/diarioregionaldigital.com.br\/index.php?rest_route=\/wp\/v2\/posts\/89362","targetHints":{"allow":["GET"]}}],"collection":[{"href":"https:\/\/diarioregionaldigital.com.br\/index.php?rest_route=\/wp\/v2\/posts"}],"about":[{"href":"https:\/\/diarioregionaldigital.com.br\/index.php?rest_route=\/wp\/v2\/types\/post"}],"author":[{"embeddable":true,"href":"https:\/\/diarioregionaldigital.com.br\/index.php?rest_route=\/wp\/v2\/users\/96"}],"replies":[{"embeddable":true,"href":"https:\/\/diarioregionaldigital.com.br\/index.php?rest_route=%2Fwp%2Fv2%2Fcomments&post=89362"}],"version-history":[{"count":0,"href":"https:\/\/diarioregionaldigital.com.br\/index.php?rest_route=\/wp\/v2\/posts\/89362\/revisions"}],"wp:featuredmedia":[{"embeddable":true,"href":"https:\/\/diarioregionaldigital.com.br\/index.php?rest_route=\/wp\/v2\/media\/89361"}],"wp:attachment":[{"href":"https:\/\/diarioregionaldigital.com.br\/index.php?rest_route=%2Fwp%2Fv2%2Fmedia&parent=89362"}],"wp:term":[{"taxonomy":"category","embeddable":true,"href":"https:\/\/diarioregionaldigital.com.br\/index.php?rest_route=%2Fwp%2Fv2%2Fcategories&post=89362"},{"taxonomy":"post_tag","embeddable":true,"href":"https:\/\/diarioregionaldigital.com.br\/index.php?rest_route=%2Fwp%2Fv2%2Ftags&post=89362"}],"curies":[{"name":"wp","href":"https:\/\/api.w.org\/{rel}","templated":true}]}}