{"id":89360,"date":"2018-01-11T21:48:03","date_gmt":"2018-01-11T23:48:03","guid":{"rendered":"http:\/\/diarioregionaljf.com.br\/2018\/01\/11\/secretaria-de-obras-recupera-rede-de-drenagem-no-bairro-santa-rita\/"},"modified":"2018-01-11T21:48:03","modified_gmt":"2018-01-11T23:48:03","slug":"secretaria-de-obras-recupera-rede-de-drenagem-no-bairro-santa-rita","status":"publish","type":"post","link":"https:\/\/diarioregionaldigital.com.br\/?p=89360","title":{"rendered":"Secretaria de Obras recupera rede de drenagem no Bairro Santa Rita"},"content":{"rendered":"<p>A Secretaria de Obras (SO) da Prefeitura de Juiz de Fora (PJF) consertou as canaletas de capta\u00e7\u00e3o de \u00e1guas pluviais da pra\u00e7a de esportes localizada na Rua R\u00f4mulo Ribeiro de Castro, na Vila S\u00f4 Nen\u00e9m, no Bairro Santa Rita, regi\u00e3o leste, onde as chuvas provocaram eros\u00e3o.<\/p>\n<p>Foram colocados quatro tubos de 40cm de di\u00e2metro e seis metros de comprimento cada, substituindo, assim, 24 metros de rede danificada. Al\u00e9m da restaura\u00e7\u00e3o dos tubos de drenagem, as equipes atuam na recomposi\u00e7\u00e3o do passeio, reforma e limpeza da rede de capta\u00e7\u00e3o j\u00e1 existente no local e nas ruas adjacentes e melhoria da drenagem do campo de futebol.<\/p>\n<hr \/>\n<p>&nbsp;Fonte: Assessoria\/PJF<\/p>\n","protected":false},"excerpt":{"rendered":"<p>A Secretaria de Obras (SO) da Prefeitura de Juiz de Fora (PJF) consertou as canaletas de capta\u00e7\u00e3o de \u00e1guas pluviais da pra\u00e7a de esportes localizada na Rua R\u00f4mulo Ribeiro de Castro, na Vila S\u00f4 Nen\u00e9m, no Bairro Santa Rita, regi\u00e3o leste, onde as chuvas provocaram eros\u00e3o. Foram colocados quatro tubos de 40cm de di\u00e2metro e [&hellip;]<\/p>\n","protected":false},"author":96,"featured_media":89359,"comment_status":"closed","ping_status":"closed","sticky":false,"template":"","format":"standard","meta":{"footnotes":""},"categories":[253],"tags":[],"class_list":["post-89360","post","type-post","status-publish","format-standard","has-post-thumbnail","hentry","category-cidade"],"_links":{"self":[{"href":"https:\/\/diarioregionaldigital.com.br\/index.php?rest_route=\/wp\/v2\/posts\/89360","targetHints":{"allow":["GET"]}}],"collection":[{"href":"https:\/\/diarioregionaldigital.com.br\/index.php?rest_route=\/wp\/v2\/posts"}],"about":[{"href":"https:\/\/diarioregionaldigital.com.br\/index.php?rest_route=\/wp\/v2\/types\/post"}],"author":[{"embeddable":true,"href":"https:\/\/diarioregionaldigital.com.br\/index.php?rest_route=\/wp\/v2\/users\/96"}],"replies":[{"embeddable":true,"href":"https:\/\/diarioregionaldigital.com.br\/index.php?rest_route=%2Fwp%2Fv2%2Fcomments&post=89360"}],"version-history":[{"count":0,"href":"https:\/\/diarioregionaldigital.com.br\/index.php?rest_route=\/wp\/v2\/posts\/89360\/revisions"}],"wp:featuredmedia":[{"embeddable":true,"href":"https:\/\/diarioregionaldigital.com.br\/index.php?rest_route=\/wp\/v2\/media\/89359"}],"wp:attachment":[{"href":"https:\/\/diarioregionaldigital.com.br\/index.php?rest_route=%2Fwp%2Fv2%2Fmedia&parent=89360"}],"wp:term":[{"taxonomy":"category","embeddable":true,"href":"https:\/\/diarioregionaldigital.com.br\/index.php?rest_route=%2Fwp%2Fv2%2Fcategories&post=89360"},{"taxonomy":"post_tag","embeddable":true,"href":"https:\/\/diarioregionaldigital.com.br\/index.php?rest_route=%2Fwp%2Fv2%2Ftags&post=89360"}],"curies":[{"name":"wp","href":"https:\/\/api.w.org\/{rel}","templated":true}]}}