{"id":89358,"date":"2018-01-11T21:46:24","date_gmt":"2018-01-11T23:46:24","guid":{"rendered":"http:\/\/diarioregionaljf.com.br\/2018\/01\/11\/benfica-recebe-novo-espaco-de-lazer-para-animais\/"},"modified":"2018-01-11T21:46:24","modified_gmt":"2018-01-11T23:46:24","slug":"benfica-recebe-novo-espaco-de-lazer-para-animais","status":"publish","type":"post","link":"https:\/\/diarioregionaldigital.com.br\/?p=89358","title":{"rendered":"Benfica recebe novo espa\u00e7o de lazer para animais"},"content":{"rendered":"<p>A Prefeitura de Juiz de Fora finalizou, na quarta-feira, 10, a instala\u00e7\u00e3o do \u2018parc\u00e3o\u2019 na Pra\u00e7a Jeremias Garcia. Atendendo a demanda da pr\u00f3pria comunidade, o Bairro Benfica agora disp\u00f5e de um espa\u00e7o de lazer seguro para quem deseja passear com seu animal de estima\u00e7\u00e3o.<\/p>\n<p>A iniciativa faz parte de uma parceria entre o Departamento Municipal de Limpeza Urbana (Demlurb), a Empresa Municipal de Pavimenta\u00e7\u00e3o e Urbaniza\u00e7\u00e3o (Empav) e ArcelorMittal, com apoio da Secretaria de Transporte e Tr\u00e2nsito (Settra).<\/p>\n<p>Para a gerente do Departamento de Controle Animal (Dcan), Miriam Neder, esse ambiente de conviv\u00eancia, \u201c\u00e9 um espa\u00e7o espec\u00edfico para eles. Muitos animais vivem em apartamento, e, quando saem, usam coleiras. \u00c9 uma forma de se exercitarem\u201d.<\/p>\n<p>O projeto prev\u00ea a instala\u00e7\u00e3o de outros 6 \u2018parc\u00e3es\u2019 na cidades, nos bairros Bairu, Vitorino Braga, Nova Era, Curva do Lacet, Jardim Gl\u00f3ria e Quintas da Avenida. \u201cTrabalhamos em uma a\u00e7\u00e3o conjunta com o Demlurb, oferecendo suporte para a instala\u00e7\u00e3o dos \u2018parc\u00e3es\u2019, al\u00e9m de manuten\u00e7\u00e3o interna das pra\u00e7as\u201d, explica o diretor-presidente da Empav, M\u00e1rio Henrique Fazza.<\/p>\n<p>A partir de agora, ser\u00e1 instalado um por m\u00eas em cada bairro, \u201ctemos a possibilidade de aumentar o n\u00famero de \u2018parc\u00e3es\u2019, comentou o diretor-geral do Demlurb, Jefferson Rodrigues, citando a parceria com a ArcelorMittal, que forneceu a tela para o espa\u00e7o.<\/p>\n<hr \/>\n<p>&nbsp;Fonte: Assessoria\/PJF<\/p>\n","protected":false},"excerpt":{"rendered":"<p>A Prefeitura de Juiz de Fora finalizou, na quarta-feira, 10, a instala\u00e7\u00e3o do \u2018parc\u00e3o\u2019 na Pra\u00e7a Jeremias Garcia. Atendendo a demanda da pr\u00f3pria comunidade, o Bairro Benfica agora disp\u00f5e de um espa\u00e7o de lazer seguro para quem deseja passear com seu animal de estima\u00e7\u00e3o. A iniciativa faz parte de uma parceria entre o Departamento Municipal [&hellip;]<\/p>\n","protected":false},"author":96,"featured_media":89357,"comment_status":"closed","ping_status":"closed","sticky":false,"template":"","format":"standard","meta":{"footnotes":""},"categories":[253],"tags":[],"class_list":["post-89358","post","type-post","status-publish","format-standard","has-post-thumbnail","hentry","category-cidade"],"_links":{"self":[{"href":"https:\/\/diarioregionaldigital.com.br\/index.php?rest_route=\/wp\/v2\/posts\/89358","targetHints":{"allow":["GET"]}}],"collection":[{"href":"https:\/\/diarioregionaldigital.com.br\/index.php?rest_route=\/wp\/v2\/posts"}],"about":[{"href":"https:\/\/diarioregionaldigital.com.br\/index.php?rest_route=\/wp\/v2\/types\/post"}],"author":[{"embeddable":true,"href":"https:\/\/diarioregionaldigital.com.br\/index.php?rest_route=\/wp\/v2\/users\/96"}],"replies":[{"embeddable":true,"href":"https:\/\/diarioregionaldigital.com.br\/index.php?rest_route=%2Fwp%2Fv2%2Fcomments&post=89358"}],"version-history":[{"count":0,"href":"https:\/\/diarioregionaldigital.com.br\/index.php?rest_route=\/wp\/v2\/posts\/89358\/revisions"}],"wp:featuredmedia":[{"embeddable":true,"href":"https:\/\/diarioregionaldigital.com.br\/index.php?rest_route=\/wp\/v2\/media\/89357"}],"wp:attachment":[{"href":"https:\/\/diarioregionaldigital.com.br\/index.php?rest_route=%2Fwp%2Fv2%2Fmedia&parent=89358"}],"wp:term":[{"taxonomy":"category","embeddable":true,"href":"https:\/\/diarioregionaldigital.com.br\/index.php?rest_route=%2Fwp%2Fv2%2Fcategories&post=89358"},{"taxonomy":"post_tag","embeddable":true,"href":"https:\/\/diarioregionaldigital.com.br\/index.php?rest_route=%2Fwp%2Fv2%2Ftags&post=89358"}],"curies":[{"name":"wp","href":"https:\/\/api.w.org\/{rel}","templated":true}]}}