{"id":89351,"date":"2018-01-11T21:22:29","date_gmt":"2018-01-11T23:22:29","guid":{"rendered":"http:\/\/diarioregionaljf.com.br\/2018\/01\/11\/uefa-divulga-selecao-do-ano-sem-neymar\/"},"modified":"2018-01-11T21:22:29","modified_gmt":"2018-01-11T23:22:29","slug":"uefa-divulga-selecao-do-ano-sem-neymar","status":"publish","type":"post","link":"https:\/\/diarioregionaldigital.com.br\/?p=89351","title":{"rendered":"UEFA divulga Sele\u00e7\u00e3o do ano, sem Neymar"},"content":{"rendered":"<p>Maior contrata\u00e7\u00e3o da hist\u00f3ria do futebol, quando trocou o Barcelona pelo PSG por 222 milh\u00f5es de euros, o equivalente a, aproximadamente, R$821 milh\u00f5es, Neymar n\u00e3o apareceu na sele\u00e7\u00e3o de 2017 da UEFA feita por meio de vota\u00e7\u00e3o na internet.<\/p>\n<p><span style=\"color: #000000; font-family: 'times new roman', times; font-size: 12pt;\">Ao todo, foram 8,8 milh\u00f5es de votos respons\u00e1veis por escolher os onze jogadores do time. E, se o atacante do time parisiense n\u00e3o est\u00e1, outros dois brasileiros apareceram. As duas laterais s\u00e3o compostas por Daniel Alves, tamb\u00e9m do PSG, e Marcelo, do Real Madrid.<\/span><\/p>\n<p><span style=\"color: #000000; font-family: 'times new roman', times; font-size: 12pt;\">O esquema utilizado na sele\u00e7\u00e3o do ano da UEFA foi o 4-4-2. Entre os jogadores selecionados, h\u00e1 quatro do Real Madrid, dois da Juventus, um do Paris Saint-Germain, um do Barcelona, um do Chelsea e um do Manchester City. O time escolhido foi:&nbsp;Buffon; Daniel Alves, Chiellini, Sergio Ramos, Marcelo; Modric, Kroos, Hazard, De Bruyne; Messi e Cristiano Ronaldo.<\/span><\/p>\n<h2><span style=\"color: #000000; font-family: 'times new roman', times; font-size: 12pt;\">Forma de vota\u00e7\u00e3o<\/span><\/h2>\n<p><span style=\"color: #000000; font-family: 'times new roman', times; font-size: 12pt;\">Nesta edi\u00e7\u00e3o, foram colocados na vota\u00e7\u00e3o os nomes de 50 jogadores. Desses, cinco eram goleiros, 15 defensores, 15 meias e 15 atacantes. Al\u00e9m de Daniel Alves, Marcelo e Neymar, outros tr\u00eas brasileiros eram op\u00e7\u00e3o de voto: o lateral-esquerdo Alex Sandro, da Juventus; o volante Casemiro, do Real Madrid; e o lateral Fabinho, do Monaco.<\/span><\/p>\n","protected":false},"excerpt":{"rendered":"<p>Maior contrata\u00e7\u00e3o da hist\u00f3ria do futebol, quando trocou o Barcelona pelo PSG por 222 milh\u00f5es de euros, o equivalente a, aproximadamente, R$821 milh\u00f5es, Neymar n\u00e3o apareceu na sele\u00e7\u00e3o de 2017 da UEFA feita por meio de vota\u00e7\u00e3o na internet. Ao todo, foram 8,8 milh\u00f5es de votos respons\u00e1veis por escolher os onze jogadores do time. E, [&hellip;]<\/p>\n","protected":false},"author":96,"featured_media":0,"comment_status":"closed","ping_status":"closed","sticky":false,"template":"","format":"standard","meta":{"footnotes":""},"categories":[257],"tags":[],"class_list":["post-89351","post","type-post","status-publish","format-standard","hentry","category-esporte"],"_links":{"self":[{"href":"https:\/\/diarioregionaldigital.com.br\/index.php?rest_route=\/wp\/v2\/posts\/89351","targetHints":{"allow":["GET"]}}],"collection":[{"href":"https:\/\/diarioregionaldigital.com.br\/index.php?rest_route=\/wp\/v2\/posts"}],"about":[{"href":"https:\/\/diarioregionaldigital.com.br\/index.php?rest_route=\/wp\/v2\/types\/post"}],"author":[{"embeddable":true,"href":"https:\/\/diarioregionaldigital.com.br\/index.php?rest_route=\/wp\/v2\/users\/96"}],"replies":[{"embeddable":true,"href":"https:\/\/diarioregionaldigital.com.br\/index.php?rest_route=%2Fwp%2Fv2%2Fcomments&post=89351"}],"version-history":[{"count":0,"href":"https:\/\/diarioregionaldigital.com.br\/index.php?rest_route=\/wp\/v2\/posts\/89351\/revisions"}],"wp:attachment":[{"href":"https:\/\/diarioregionaldigital.com.br\/index.php?rest_route=%2Fwp%2Fv2%2Fmedia&parent=89351"}],"wp:term":[{"taxonomy":"category","embeddable":true,"href":"https:\/\/diarioregionaldigital.com.br\/index.php?rest_route=%2Fwp%2Fv2%2Fcategories&post=89351"},{"taxonomy":"post_tag","embeddable":true,"href":"https:\/\/diarioregionaldigital.com.br\/index.php?rest_route=%2Fwp%2Fv2%2Ftags&post=89351"}],"curies":[{"name":"wp","href":"https:\/\/api.w.org\/{rel}","templated":true}]}}