{"id":89350,"date":"2018-01-11T21:15:54","date_gmt":"2018-01-11T23:15:54","guid":{"rendered":"http:\/\/diarioregionaljf.com.br\/2018\/01\/11\/urna-7-segue-em-pauta-juiza-pede-eleicao-no-vasco-ate-dia-22\/"},"modified":"2018-01-11T21:15:54","modified_gmt":"2018-01-11T23:15:54","slug":"urna-7-segue-em-pauta-juiza-pede-eleicao-no-vasco-ate-dia-22","status":"publish","type":"post","link":"https:\/\/diarioregionaldigital.com.br\/?p=89350","title":{"rendered":"Urna 7 segue em pauta: Ju\u00edza pede elei\u00e7\u00e3o no Vasco at\u00e9 dia 22"},"content":{"rendered":"<p>A Justi\u00e7a se mant\u00e9m irrevers\u00edvel e desconsidera a pol\u00eamica urna 7. A elei\u00e7\u00e3o do Vasco, ent\u00e3o, tem tudo para se encaminhar a um desfecho, s\u00f3 que n\u00e3o sem um \u00faltimo obst\u00e1culo. O pleito do Conselho Deliberativo, que atesta, ou n\u00e3o, o o vencedor das urnas, precisa ser convocado formalmente. At\u00e9 agora, a diretoria n\u00e3o fez isso e nem d\u00e1 sinais de que v\u00e1 se mexer nesse sentido. Caso descumpram&nbsp;a determina\u00e7\u00e3o da ju\u00edza Maria Cec\u00edlia Pinto Gon\u00e7alves, da 52\u00aa Vara Civvil do Estado do Rio de Janeiro,&nbsp;os dirigentes envolvidos podem ser multados em at\u00e9 R$ 50 mil.<\/p>\n<p><strong>A elei\u00e7\u00e3o do Vasco<\/strong><\/p>\n<p>Discute-se na Justi\u00e7a a situa\u00e7\u00e3o dos 475 s\u00f3cios que votaram na urna 7. Todos eles foram admitidos no clube entre os meses de novembro e dezembro de 2015 &#8211; h\u00e1 suspeita de fraude. A \u00faltima decis\u00e3o da Justi\u00e7a determinou que os votos fossem suspensos, com base num laudo pericial simplificado que analisou documentos entregues pelo Vasco.<\/p>\n<p>Na atual situa\u00e7\u00e3o, a chapa vencedora \u00e9 a &#8220;Sempre Vasco Livre&#8221;, de Julio Brant. Desta forma, o grupo \u00e9 o favorito para eleger o presidente na reuni\u00e3o do Conselho Deliberativo, que ainda n\u00e3o foi marcada, mas \u00e9 prevista no estatuto para acontecer na primeira semana da segunda quinzena de janeiro.<\/p>\n","protected":false},"excerpt":{"rendered":"<p>A Justi\u00e7a se mant\u00e9m irrevers\u00edvel e desconsidera a pol\u00eamica urna 7. A elei\u00e7\u00e3o do Vasco, ent\u00e3o, tem tudo para se encaminhar a um desfecho, s\u00f3 que n\u00e3o sem um \u00faltimo obst\u00e1culo. O pleito do Conselho Deliberativo, que atesta, ou n\u00e3o, o o vencedor das urnas, precisa ser convocado formalmente. At\u00e9 agora, a diretoria n\u00e3o fez [&hellip;]<\/p>\n","protected":false},"author":96,"featured_media":0,"comment_status":"closed","ping_status":"closed","sticky":false,"template":"","format":"standard","meta":{"footnotes":""},"categories":[257],"tags":[],"class_list":["post-89350","post","type-post","status-publish","format-standard","hentry","category-esporte"],"_links":{"self":[{"href":"https:\/\/diarioregionaldigital.com.br\/index.php?rest_route=\/wp\/v2\/posts\/89350","targetHints":{"allow":["GET"]}}],"collection":[{"href":"https:\/\/diarioregionaldigital.com.br\/index.php?rest_route=\/wp\/v2\/posts"}],"about":[{"href":"https:\/\/diarioregionaldigital.com.br\/index.php?rest_route=\/wp\/v2\/types\/post"}],"author":[{"embeddable":true,"href":"https:\/\/diarioregionaldigital.com.br\/index.php?rest_route=\/wp\/v2\/users\/96"}],"replies":[{"embeddable":true,"href":"https:\/\/diarioregionaldigital.com.br\/index.php?rest_route=%2Fwp%2Fv2%2Fcomments&post=89350"}],"version-history":[{"count":0,"href":"https:\/\/diarioregionaldigital.com.br\/index.php?rest_route=\/wp\/v2\/posts\/89350\/revisions"}],"wp:attachment":[{"href":"https:\/\/diarioregionaldigital.com.br\/index.php?rest_route=%2Fwp%2Fv2%2Fmedia&parent=89350"}],"wp:term":[{"taxonomy":"category","embeddable":true,"href":"https:\/\/diarioregionaldigital.com.br\/index.php?rest_route=%2Fwp%2Fv2%2Fcategories&post=89350"},{"taxonomy":"post_tag","embeddable":true,"href":"https:\/\/diarioregionaldigital.com.br\/index.php?rest_route=%2Fwp%2Fv2%2Ftags&post=89350"}],"curies":[{"name":"wp","href":"https:\/\/api.w.org\/{rel}","templated":true}]}}