{"id":89349,"date":"2018-01-11T21:12:23","date_gmt":"2018-01-11T23:12:23","guid":{"rendered":"http:\/\/diarioregionaljf.com.br\/2018\/01\/11\/area-de-protecao-a-ciclistas-segue-em-pauta-na-camara-municipal-de-juiz-de-fora\/"},"modified":"2018-01-11T21:12:23","modified_gmt":"2018-01-11T23:12:23","slug":"area-de-protecao-a-ciclistas-segue-em-pauta-na-camara-municipal-de-juiz-de-fora","status":"publish","type":"post","link":"https:\/\/diarioregionaldigital.com.br\/?p=89349","title":{"rendered":"\u00c1rea de prote\u00e7\u00e3o a ciclistas segue em pauta na C\u00e2mara municipal de Juiz de Fora"},"content":{"rendered":"<p>&nbsp;A BR- 440, a Via S\u00e3o Pedro, \u00e9 uma das principais refer\u00eancias na cidade para atletas amadores e profissionais. Um Projeto de lei prev\u00ea espa\u00e7o em hor\u00e1rio espec\u00edfico para que ciclistas usem a via, que virou refer\u00eancia para quem pratica ciclismo de estrada, mountain bike, corrida e caminhada.<\/p>\n<p>Centenas pessoas usam a via diariamente para seus treinamentos. A divis\u00e3o de espa\u00e7o com ve\u00edculos e a falta de sinaliza\u00e7\u00e3o adequada, contudo, ainda \u00e9 a principal preocupa\u00e7\u00e3o dos frequentadores da via. Mas um projeto de lei atualmente em tramita\u00e7\u00e3o na C\u00e2mara pode mudar um pouco esta situa\u00e7\u00e3o.<\/p>\n<p>Em setembro de 2017, &nbsp;o vereador Marlon Siqueira (PMDB) deu entrada ao projeto 232\/2017 que prev\u00ea a implementa\u00e7\u00e3o de \u00c1rea de Prote\u00e7\u00e3o ao Ciclista de Competi\u00e7\u00e3o (APCC), inicialmente para beneficiar a BR-440. A proposta parte de modelo j\u00e1 existente em cidades brasileiras, como no Rio de Janeiro (RJ), atrav\u00e9s de legisla\u00e7\u00e3o municipal, e foi apresentada pela Associa\u00e7\u00e3o Juiz-forana.<\/p>\n<p>O projeto foi considerado ilegal e inconstitucional pela Procuradoria da C\u00e2mara, com pareceres dos vereadores Luiz Ot\u00e1vio Coelho (Pardal, PTC, presidente da Comiss\u00e3o de Legisla\u00e7\u00e3o), Jos\u00e9 M\u00e1rcio (Garotinho, PV) e Adriano Miranda (PHS). A decis\u00e3o foi embasada nas constitui\u00e7\u00f5es Federal e Estadual, em que \u201cn\u00e3o existe \u00f3bice quanto \u00e0 compet\u00eancia legislativa do Munic\u00edpio sobre a mat\u00e9ria em tela, visto tratar-se de assunto de interesse local\u201d. Logo, o projeto seria de compet\u00eancia do Poder Executivo. No entanto, ele est\u00e1 liberado para ser inclu\u00eddo na pauta de vota\u00e7\u00e3o na forma de aprecia\u00e7\u00e3o preliminar, sem prazo para ser acatado: \u201cVamos analisar junto \u00e0 nossa assessoria a possibilidade de defender a mat\u00e9ria em discuss\u00e3o preliminar. Entretanto, tamb\u00e9m estamos avaliando consultar o Executivo, via requerimento a ser aprovado em Plen\u00e1rio, a viabilidade desta proposi\u00e7\u00e3o ser apresentada por mensagem ou por simples ato administrativo a ser submetido \u00e0 pasta competente\u201d, contou Marlon Siqueira.<\/p>\n<p>A Secretaria de Esporte e Lazer ainda n\u00e3o foi notificada sobre o projeto de lei para \u00e1rea de prote\u00e7\u00e3o aos ciclistas.<\/p>\n","protected":false},"excerpt":{"rendered":"<p>&nbsp;A BR- 440, a Via S\u00e3o Pedro, \u00e9 uma das principais refer\u00eancias na cidade para atletas amadores e profissionais. Um Projeto de lei prev\u00ea espa\u00e7o em hor\u00e1rio espec\u00edfico para que ciclistas usem a via, que virou refer\u00eancia para quem pratica ciclismo de estrada, mountain bike, corrida e caminhada. Centenas pessoas usam a via diariamente para [&hellip;]<\/p>\n","protected":false},"author":96,"featured_media":89348,"comment_status":"closed","ping_status":"closed","sticky":false,"template":"","format":"standard","meta":{"footnotes":""},"categories":[257],"tags":[],"class_list":["post-89349","post","type-post","status-publish","format-standard","has-post-thumbnail","hentry","category-esporte"],"_links":{"self":[{"href":"https:\/\/diarioregionaldigital.com.br\/index.php?rest_route=\/wp\/v2\/posts\/89349","targetHints":{"allow":["GET"]}}],"collection":[{"href":"https:\/\/diarioregionaldigital.com.br\/index.php?rest_route=\/wp\/v2\/posts"}],"about":[{"href":"https:\/\/diarioregionaldigital.com.br\/index.php?rest_route=\/wp\/v2\/types\/post"}],"author":[{"embeddable":true,"href":"https:\/\/diarioregionaldigital.com.br\/index.php?rest_route=\/wp\/v2\/users\/96"}],"replies":[{"embeddable":true,"href":"https:\/\/diarioregionaldigital.com.br\/index.php?rest_route=%2Fwp%2Fv2%2Fcomments&post=89349"}],"version-history":[{"count":0,"href":"https:\/\/diarioregionaldigital.com.br\/index.php?rest_route=\/wp\/v2\/posts\/89349\/revisions"}],"wp:featuredmedia":[{"embeddable":true,"href":"https:\/\/diarioregionaldigital.com.br\/index.php?rest_route=\/wp\/v2\/media\/89348"}],"wp:attachment":[{"href":"https:\/\/diarioregionaldigital.com.br\/index.php?rest_route=%2Fwp%2Fv2%2Fmedia&parent=89349"}],"wp:term":[{"taxonomy":"category","embeddable":true,"href":"https:\/\/diarioregionaldigital.com.br\/index.php?rest_route=%2Fwp%2Fv2%2Fcategories&post=89349"},{"taxonomy":"post_tag","embeddable":true,"href":"https:\/\/diarioregionaldigital.com.br\/index.php?rest_route=%2Fwp%2Fv2%2Ftags&post=89349"}],"curies":[{"name":"wp","href":"https:\/\/api.w.org\/{rel}","templated":true}]}}