{"id":89347,"date":"2018-01-11T21:10:02","date_gmt":"2018-01-11T23:10:02","guid":{"rendered":"http:\/\/diarioregionaljf.com.br\/2018\/01\/11\/cruzeiro-anuncia-contratacao-de-mancuello-do-flamengo\/"},"modified":"2018-01-11T21:10:02","modified_gmt":"2018-01-11T23:10:02","slug":"cruzeiro-anuncia-contratacao-de-mancuello-do-flamengo","status":"publish","type":"post","link":"https:\/\/diarioregionaldigital.com.br\/?p=89347","title":{"rendered":"Cruzeiro anuncia contrata\u00e7\u00e3o de Mancuello do Flamengo"},"content":{"rendered":"<p>O Cruzeiro oficializou nesta quinta-feira, 11, a contrata\u00e7\u00e3o do meio-campista Federico Mancuello, do Flamengo. Em comunicado no site oficial, o clube celeste divulgou os valores da negocia\u00e7\u00e3o: US$1,8 milh\u00e3o de d\u00f3lares (cerca de R$5,8 milh\u00f5es) por 60% dos direitos econ\u00f4micos do jogador. O contrato valer\u00e1 at\u00e9 dezembro de 2020, com op\u00e7\u00e3o de renova\u00e7\u00e3o por mais um ano. As conversas com o rubro-negro foram conduzidas pelo presidente Wagner Pires de S\u00e1 e o vice-presidente de futebol Itair Machado.<\/p>\n<p>Para ter Mancuello, o Cruzeiro vai pagar US$ 1,8 milh\u00e3o (cerca de R$5,8 milh\u00f5es na cota\u00e7\u00e3o atual) ao Flamengo por 60% dos direitos econ\u00f4micos do jogador. O argentino ser\u00e1 o quinto estrangeiro da equipe, que j\u00e1 tem Lucas Romero, Ariel Cabral, Arrascaeta e Messidoro.<\/p>\n<p>Mancuello \u00e9 cria das categorias de base do Independiente, por onde ficou at\u00e9 2015, antes de se transferir ao Flamengo. Ele teve uma r\u00e1pida passagem, por empr\u00e9stimo, pelo Belgrano, tamb\u00e9m da Argentina. O jogador tamb\u00e9m j\u00e1 disputou duas partidas pela sele\u00e7\u00e3o do seu pa\u00eds.<\/p>\n<p><strong>Trajet\u00f3ria<\/strong><\/p>\n<p> Natural de Reconquista, na Argentina, o jogador foi formado nas categorias de base do Independiente. Depois de breve passagem pelo Belgrano, entre 2011 e 2012, ele se consolidou com a camisa do maior campe\u00e3o da Libertadores e ganhou fama de volante artilheiro.<\/p>\n<p>Dos 21 gols anotados em 174 partidas pelo Independiente, 13 foram nos anos de 2014 e 2015 (38 jogos). Os chutes precisos de longa e m\u00e9dia dist\u00e2ncia e as infiltra\u00e7\u00f5es como elemento surpresa chamaram a aten\u00e7\u00e3o do Flamengo, que o adquiriu em janeiro de 2016 por US$3 milh\u00f5es (R$12 milh\u00f5es), montante pago por 90% dos direitos econ\u00f4micos.&nbsp;<\/p>\n<p>Pelo rubro-negro, Mancuello contabilizou 68 partidas (44 como titular), fez 10 gols e contribuiu com 10 assist\u00eancias. O jogador at\u00e9 fez boas apresenta\u00e7\u00f5es, mas sem igualar o rendimento que o consagrou no futebol argentino. Por isso, acabou disponibilizado pelos cariocas para transfer\u00eancia.<\/p>\n<p><strong>&nbsp;<\/strong><\/p>\n","protected":false},"excerpt":{"rendered":"<p>O Cruzeiro oficializou nesta quinta-feira, 11, a contrata\u00e7\u00e3o do meio-campista Federico Mancuello, do Flamengo. Em comunicado no site oficial, o clube celeste divulgou os valores da negocia\u00e7\u00e3o: US$1,8 milh\u00e3o de d\u00f3lares (cerca de R$5,8 milh\u00f5es) por 60% dos direitos econ\u00f4micos do jogador. O contrato valer\u00e1 at\u00e9 dezembro de 2020, com op\u00e7\u00e3o de renova\u00e7\u00e3o por mais [&hellip;]<\/p>\n","protected":false},"author":96,"featured_media":0,"comment_status":"closed","ping_status":"closed","sticky":false,"template":"","format":"standard","meta":{"footnotes":""},"categories":[257],"tags":[],"class_list":["post-89347","post","type-post","status-publish","format-standard","hentry","category-esporte"],"_links":{"self":[{"href":"https:\/\/diarioregionaldigital.com.br\/index.php?rest_route=\/wp\/v2\/posts\/89347","targetHints":{"allow":["GET"]}}],"collection":[{"href":"https:\/\/diarioregionaldigital.com.br\/index.php?rest_route=\/wp\/v2\/posts"}],"about":[{"href":"https:\/\/diarioregionaldigital.com.br\/index.php?rest_route=\/wp\/v2\/types\/post"}],"author":[{"embeddable":true,"href":"https:\/\/diarioregionaldigital.com.br\/index.php?rest_route=\/wp\/v2\/users\/96"}],"replies":[{"embeddable":true,"href":"https:\/\/diarioregionaldigital.com.br\/index.php?rest_route=%2Fwp%2Fv2%2Fcomments&post=89347"}],"version-history":[{"count":0,"href":"https:\/\/diarioregionaldigital.com.br\/index.php?rest_route=\/wp\/v2\/posts\/89347\/revisions"}],"wp:attachment":[{"href":"https:\/\/diarioregionaldigital.com.br\/index.php?rest_route=%2Fwp%2Fv2%2Fmedia&parent=89347"}],"wp:term":[{"taxonomy":"category","embeddable":true,"href":"https:\/\/diarioregionaldigital.com.br\/index.php?rest_route=%2Fwp%2Fv2%2Fcategories&post=89347"},{"taxonomy":"post_tag","embeddable":true,"href":"https:\/\/diarioregionaldigital.com.br\/index.php?rest_route=%2Fwp%2Fv2%2Ftags&post=89347"}],"curies":[{"name":"wp","href":"https:\/\/api.w.org\/{rel}","templated":true}]}}