{"id":89344,"date":"2018-01-11T20:39:55","date_gmt":"2018-01-11T22:39:55","guid":{"rendered":"http:\/\/diarioregionaljf.com.br\/2018\/01\/11\/geracao-sabe-tudo\/"},"modified":"2018-01-11T20:39:55","modified_gmt":"2018-01-11T22:39:55","slug":"geracao-sabe-tudo","status":"publish","type":"post","link":"https:\/\/diarioregionaldigital.com.br\/?p=89344","title":{"rendered":"Gera\u00e7\u00e3o Sabe-Tudo"},"content":{"rendered":"<p style=\"text-align: center;\"><span class=\"h4\">Gera\u00e7\u00e3o Sabe-Tudo<\/span><br \/>Com os principais marqueteiros das \u00faltimas elei\u00e7\u00f5es dizimados pela Lava-Jato, 2018 ver\u00e1 surgir uma nova gera\u00e7\u00e3o de marqueteiros de primeira viagem em elei\u00e7\u00f5es presidenciais, todos \u00e1vidos para passarem da classe econ\u00f4mica para primeira classe na profiss\u00e3o.<\/p>\n<p style=\"text-align: center;\"><span class=\"h4\">Talento 2018<\/span><br \/>Para celebrar a chegada de 2018, o artista-pl\u00e1stico e artes\u00e3o Yure Mendes venceu, pela segunda vez, o 12\u00ba Concurso de Pres\u00e9pios da UFSJ (categoria n\u00e3o tradicional). Para que a bel\u00edssima mostra pudesse ser apresentada, Yure gastou mais de duzentas horas de produ\u00e7\u00e3o para que a obra surgisse contemplativa e merecendo a premia\u00e7\u00e3o.<\/p>\n<p style=\"text-align: center;\"><span class=\"h4\">Superliga<\/span><br \/>J\u00e1 est\u00e1 a todo vapor a venda de ingressos para o pr\u00f3ximo compromisso do JF-V\u00f4lei na Superliga. No s\u00e1bado, 13, \u00e0s 18h, os rapazes locais, enfrentam o Montes Claros, no Gin\u00e1sio da UFJF. As entradas para todos os torcedores foi afixada em R$10,00. O JF V\u00f4lei ocupa a pen\u00faltima posi\u00e7\u00e3o, com quatro pontos.<\/p>\n<p style=\"text-align: center;\"><span class=\"h4\">Arte<\/span><br \/>Janeiro \u00e9 m\u00eas de f\u00e9rias e de espiar o que est\u00e1 acontecendo no circuito das artes em Juiz de Fora. O Espa\u00e7o Excalibur est\u00e1 apresentando todas as ter\u00e7as-feiras cl\u00e1ssicos do expressionismo alem\u00e3o.<\/p>\n<p style=\"text-align: center;\"><span class=\"h4\">Decora\u00e7\u00e3o<\/span><br \/>Direto do Rio de Janeiro, os arquitetos Andr\u00e9 Gurgel e Felipe Bezerra anunciam a chegada da Novo Ambiente, em Ipanema, de pe\u00e7as l\u00fadicas com linha inspirada no Sert\u00e3o. A exclusividade \u00e9 do escrit\u00f3rio de design deles, Mula Preta.<\/p>\n<p style=\"text-align: center;\"><img decoding=\"async\" class=\" size-full wp-image-89334\" src=\"http:\/\/diarioregionaljf.com.br\/wp-content\/uploads\/2018\/01\/diario-int-22998-1.jpg\" alt=\"fotoa.jpg\" width=\"680\" style=\"display: block; margin-left: auto; margin-right: auto;\" srcset=\"https:\/\/diarioregionaldigital.com.br\/wp-content\/uploads\/2018\/01\/diario-int-22998-1.jpg 680w, https:\/\/diarioregionaldigital.com.br\/wp-content\/uploads\/2018\/01\/diario-int-22998-1-300x199.jpg 300w, https:\/\/diarioregionaldigital.com.br\/wp-content\/uploads\/2018\/01\/diario-int-22998-1-360x238.jpg 360w\" sizes=\"(max-width: 680px) 100vw, 680px\" \/>O colunista virtual Marc\u00edlio Gomes comemora o anivers\u00e1rio da querida Nequitz Miguel, nesta 6\u00aa feira, 12, no Margarito<\/p>\n<p style=\"text-align: center;\"><img decoding=\"async\" class=\" size-full wp-image-89335\" src=\"http:\/\/diarioregionaljf.com.br\/wp-content\/uploads\/2018\/01\/diario-int-22998-2.jpg\" alt=\"fotoaa.jpg\" width=\"680\" style=\"display: block; margin-left: auto; margin-right: auto;\" srcset=\"https:\/\/diarioregionaldigital.com.br\/wp-content\/uploads\/2018\/01\/diario-int-22998-2.jpg 680w, https:\/\/diarioregionaldigital.com.br\/wp-content\/uploads\/2018\/01\/diario-int-22998-2-300x199.jpg 300w, https:\/\/diarioregionaldigital.com.br\/wp-content\/uploads\/2018\/01\/diario-int-22998-2-360x238.jpg 360w\" sizes=\"(max-width: 680px) 100vw, 680px\" \/>A bonita Fernanda Lacerda aniversariou e posou com os Tigr\u00f5es Ricardo Sousa e M\u00e1rcio Marques<\/p>\n<p style=\"text-align: center;\"><img decoding=\"async\" class=\" size-full wp-image-89336\" src=\"http:\/\/diarioregionaljf.com.br\/wp-content\/uploads\/2018\/01\/diario-int-22998-3.jpg\" alt=\"fotoc.jpg\" width=\"680\" style=\"display: block; margin-left: auto; margin-right: auto;\" srcset=\"https:\/\/diarioregionaldigital.com.br\/wp-content\/uploads\/2018\/01\/diario-int-22998-3.jpg 680w, https:\/\/diarioregionaldigital.com.br\/wp-content\/uploads\/2018\/01\/diario-int-22998-3-300x199.jpg 300w, https:\/\/diarioregionaldigital.com.br\/wp-content\/uploads\/2018\/01\/diario-int-22998-3-360x238.jpg 360w\" sizes=\"(max-width: 680px) 100vw, 680px\" \/>No plen\u00e1rio da C\u00e2mara Municipal de Juiz de Fora, o presidente da UNAICS, Jonathan Gilgamesch<\/p>\n<p style=\"text-align: center;\"><img decoding=\"async\" class=\" size-full wp-image-89337\" src=\"http:\/\/diarioregionaljf.com.br\/wp-content\/uploads\/2018\/01\/diario-int-22998-4.jpg\" alt=\"fotod.jpg\" width=\"680\" style=\"display: block; margin-left: auto; margin-right: auto;\" srcset=\"https:\/\/diarioregionaldigital.com.br\/wp-content\/uploads\/2018\/01\/diario-int-22998-4.jpg 680w, https:\/\/diarioregionaldigital.com.br\/wp-content\/uploads\/2018\/01\/diario-int-22998-4-266x300.jpg 266w, https:\/\/diarioregionaldigital.com.br\/wp-content\/uploads\/2018\/01\/diario-int-22998-4-360x407.jpg 360w\" sizes=\"(max-width: 680px) 100vw, 680px\" \/>Em tempo de \u201cDia D\u201d, Lucas Andrade e Naiara Romano<\/p>\n<p style=\"text-align: center;\"><img decoding=\"async\" class=\" size-full wp-image-89338\" src=\"http:\/\/diarioregionaljf.com.br\/wp-content\/uploads\/2018\/01\/diario-int-22998-5.jpg\" alt=\"fotoe.jpg\" width=\"680\" style=\"display: block; margin-left: auto; margin-right: auto;\" srcset=\"https:\/\/diarioregionaldigital.com.br\/wp-content\/uploads\/2018\/01\/diario-int-22998-5.jpg 680w, https:\/\/diarioregionaldigital.com.br\/wp-content\/uploads\/2018\/01\/diario-int-22998-5-300x198.jpg 300w, https:\/\/diarioregionaldigital.com.br\/wp-content\/uploads\/2018\/01\/diario-int-22998-5-360x238.jpg 360w\" sizes=\"(max-width: 680px) 100vw, 680px\" \/>No Privil\u00e9ge, os talentosos gourmets, Celinho Vidal e Pablo Oazen<\/p>\n<p style=\"text-align: center;\"><img decoding=\"async\" class=\" size-full wp-image-89339\" src=\"http:\/\/diarioregionaljf.com.br\/wp-content\/uploads\/2018\/01\/diario-int-22998-6.jpg\" alt=\"fotof.jpg\" width=\"680\" style=\"display: block; margin-left: auto; margin-right: auto;\" srcset=\"https:\/\/diarioregionaldigital.com.br\/wp-content\/uploads\/2018\/01\/diario-int-22998-6.jpg 680w, https:\/\/diarioregionaldigital.com.br\/wp-content\/uploads\/2018\/01\/diario-int-22998-6-300x199.jpg 300w, https:\/\/diarioregionaldigital.com.br\/wp-content\/uploads\/2018\/01\/diario-int-22998-6-360x238.jpg 360w\" sizes=\"(max-width: 680px) 100vw, 680px\" \/>Lindo casal na Barra da Tijuca (Rio), D\u00e9bora Gonzales e Felipe Nogueira<\/p>\n<p style=\"text-align: center;\"><img decoding=\"async\" class=\" size-full wp-image-89340\" src=\"http:\/\/diarioregionaljf.com.br\/wp-content\/uploads\/2018\/01\/diario-int-22998-7.jpg\" alt=\"fotog.jpg\" width=\"680\" style=\"display: block; margin-left: auto; margin-right: auto;\" srcset=\"https:\/\/diarioregionaldigital.com.br\/wp-content\/uploads\/2018\/01\/diario-int-22998-7.jpg 680w, https:\/\/diarioregionaldigital.com.br\/wp-content\/uploads\/2018\/01\/diario-int-22998-7-300x199.jpg 300w, https:\/\/diarioregionaldigital.com.br\/wp-content\/uploads\/2018\/01\/diario-int-22998-7-360x238.jpg 360w\" sizes=\"(max-width: 680px) 100vw, 680px\" \/>No Parque Halfeld, os ilustres Luismar Mendes e Padre Eduardo Faria<\/p>\n<p style=\"text-align: center;\"><img decoding=\"async\" class=\" size-full wp-image-89341\" src=\"http:\/\/diarioregionaljf.com.br\/wp-content\/uploads\/2018\/01\/diario-int-22998-8.jpg\" alt=\"fotoh.jpg\" width=\"680\" style=\"display: block; margin-left: auto; margin-right: auto;\" srcset=\"https:\/\/diarioregionaldigital.com.br\/wp-content\/uploads\/2018\/01\/diario-int-22998-8.jpg 680w, https:\/\/diarioregionaldigital.com.br\/wp-content\/uploads\/2018\/01\/diario-int-22998-8-266x300.jpg 266w, https:\/\/diarioregionaldigital.com.br\/wp-content\/uploads\/2018\/01\/diario-int-22998-8-360x407.jpg 360w\" sizes=\"(max-width: 680px) 100vw, 680px\" \/>Festejando anivers\u00e1rio com tudo azul, Tenner Freitas posou com Tiago Capuzzo<\/p>\n<p style=\"text-align: center;\"><img decoding=\"async\" class=\" size-full wp-image-89342\" src=\"http:\/\/diarioregionaljf.com.br\/wp-content\/uploads\/2018\/01\/diario-int-22998-9.jpg\" alt=\"fotoi.jpg\" width=\"680\" style=\"display: block; margin-left: auto; margin-right: auto;\" srcset=\"https:\/\/diarioregionaldigital.com.br\/wp-content\/uploads\/2018\/01\/diario-int-22998-9.jpg 680w, https:\/\/diarioregionaldigital.com.br\/wp-content\/uploads\/2018\/01\/diario-int-22998-9-300x199.jpg 300w, https:\/\/diarioregionaldigital.com.br\/wp-content\/uploads\/2018\/01\/diario-int-22998-9-360x238.jpg 360w\" sizes=\"(max-width: 680px) 100vw, 680px\" \/>O saudoso professor de comunica\u00e7\u00e3o Adilson Zappa com Roberto Dilly, no Credireal<\/p>\n<p style=\"text-align: center;\"><img decoding=\"async\" class=\" size-full wp-image-89343\" src=\"http:\/\/diarioregionaljf.com.br\/wp-content\/uploads\/2018\/01\/diario-int-22998-10.jpg\" alt=\"fotoj.jpg\" width=\"680\" style=\"display: block; margin-left: auto; margin-right: auto;\" srcset=\"https:\/\/diarioregionaldigital.com.br\/wp-content\/uploads\/2018\/01\/diario-int-22998-10.jpg 680w, https:\/\/diarioregionaldigital.com.br\/wp-content\/uploads\/2018\/01\/diario-int-22998-10-300x243.jpg 300w, https:\/\/diarioregionaldigital.com.br\/wp-content\/uploads\/2018\/01\/diario-int-22998-10-360x291.jpg 360w\" sizes=\"(max-width: 680px) 100vw, 680px\" \/>Nos est\u00fadios Globais, a cantora Simaria com o cantor Wesley Ferry<\/p>\n<p class=\"h4\" style=\"text-align: center;\">FOTOSS\u00cdNTESE<\/p>\n<p>Aniversariando nesta 6\u00aa feira, 12 de janeiro, a talentosa e elegante artista pl\u00e1stica Nequitz Miguel. Recebe logo mais no buffet Margarito, no Aeroporto, amigos e familiares para big festa.<\/p>\n<p>No domingo, 14 de janeiro, vai ter Ponto do Samba, \u00e0s 15h, no Unidos do Ladeira. O convidado \u00e9 o genial Tantinho da Mangueira.<\/p>\n<p>A bonita Mait\u00ea Saint-Clair ser\u00e1 a Rainha da Festa Euphorica no dia 20 de janeiro, \u00e0s 23h, no Via Brasil. Os convites podem ser encontrados na Tanny Tatto Studio e PH Hair.<\/p>\n<p>O Muzik vai bombar no s\u00e1bado, 13 de janeiro, com a festa Red Pool Party, com DJ Vini. Para a lista amiga, os nomes no mural ou confirma\u00e7\u00e3o no evento at\u00e9 as 18h30 no dia da festa. A partir das 23h.<\/p>\n<p>Comemorando sucesso crescente, o evento Divers\u00e3o em Cena ArcellorMittal \u00e9 viabilizado por meio da Lei Estadual de Incentivo \u00e0 Cultura.<\/p>\n<p>Est\u00e1 bel\u00edssima a exposi\u00e7\u00e3o \u201cLiteratura desenhada\u201d com 25 ilustra\u00e7\u00f5es em giz de cera e l\u00e1pis de cor. Com curadoria do diretor de Cultura da Pra\u00e7a C\u00e9u, Andr\u00e9 Noronha, chama aten\u00e7\u00e3o os trabalhos de Jos\u00e9 Rodrigues de Jesus. Detalhe: ele \u00e9 artista autodidata e interno do educand\u00e1rio Carlos Chagas. Os textos que acompanham as obras de 25 ilustra\u00e7\u00f5es s\u00e3o de renomados escritores brasileiros.<\/p>\n<p>Em ritmo de as \u00e1guas v\u00e3o rolar, Petterson Marciano re\u00fane familiares e amigos \u00edntimos para comemorar sua formatura em jornalismo pelo CES\/JF, no s\u00e1bado, 13, \u00e0s 13h, no Buffet Funny Fest.<\/p>\n<p>Com seu nome escrito nas estrelas, Tyler Alvim, o estrelado DJ, agora faz parte da produtora Zero 21 do Rio de Janeiro, que fica respons\u00e1vel pelos seus shows, presen\u00e7a vip, publicidades, parcerias e merchandising.<\/p>\n<p>Vem a\u00ed em Fevereiro no Gran Victory Hotel e Eventos, a segunda edi\u00e7\u00e3o da festa Infinity. Ser\u00e1 dia 4 de fevereiro.<\/p>\n<p>De bem com a vida, os fot\u00f3grafos Rog\u00e9ria e J\u00fanior Faria est\u00e3o mobilizando suas lentes focando nas festas de 15 anos, em 2018.<\/p>\n<p>Para diluir: Uma pessoa mais velha pode e \u00e9 capaz de amar tanto quanto uma pessoa jovem. E ningu\u00e9m deve se sentir rid\u00edculo ao pensar nisso. Nesse assunto, a idade n\u00e3o conta, afinal, viver n\u00e3o \u00e9 uma exclusividade da juventude. Bom final de semana para todos.<\/p>\n","protected":false},"excerpt":{"rendered":"<p>Gera\u00e7\u00e3o Sabe-TudoCom os principais marqueteiros das \u00faltimas elei\u00e7\u00f5es dizimados pela Lava-Jato, 2018 ver\u00e1 surgir uma nova gera\u00e7\u00e3o de marqueteiros de primeira viagem em elei\u00e7\u00f5es presidenciais, todos \u00e1vidos para passarem da classe econ\u00f4mica para primeira classe na profiss\u00e3o. Talento 2018Para celebrar a chegada de 2018, o artista-pl\u00e1stico e artes\u00e3o Yure Mendes venceu, pela segunda vez, o [&hellip;]<\/p>\n","protected":false},"author":96,"featured_media":89333,"comment_status":"closed","ping_status":"closed","sticky":false,"template":"","format":"standard","meta":{"footnotes":""},"categories":[264],"tags":[],"class_list":["post-89344","post","type-post","status-publish","format-standard","has-post-thumbnail","hentry","category-eduardo-gomes"],"_links":{"self":[{"href":"https:\/\/diarioregionaldigital.com.br\/index.php?rest_route=\/wp\/v2\/posts\/89344","targetHints":{"allow":["GET"]}}],"collection":[{"href":"https:\/\/diarioregionaldigital.com.br\/index.php?rest_route=\/wp\/v2\/posts"}],"about":[{"href":"https:\/\/diarioregionaldigital.com.br\/index.php?rest_route=\/wp\/v2\/types\/post"}],"author":[{"embeddable":true,"href":"https:\/\/diarioregionaldigital.com.br\/index.php?rest_route=\/wp\/v2\/users\/96"}],"replies":[{"embeddable":true,"href":"https:\/\/diarioregionaldigital.com.br\/index.php?rest_route=%2Fwp%2Fv2%2Fcomments&post=89344"}],"version-history":[{"count":0,"href":"https:\/\/diarioregionaldigital.com.br\/index.php?rest_route=\/wp\/v2\/posts\/89344\/revisions"}],"wp:featuredmedia":[{"embeddable":true,"href":"https:\/\/diarioregionaldigital.com.br\/index.php?rest_route=\/wp\/v2\/media\/89333"}],"wp:attachment":[{"href":"https:\/\/diarioregionaldigital.com.br\/index.php?rest_route=%2Fwp%2Fv2%2Fmedia&parent=89344"}],"wp:term":[{"taxonomy":"category","embeddable":true,"href":"https:\/\/diarioregionaldigital.com.br\/index.php?rest_route=%2Fwp%2Fv2%2Fcategories&post=89344"},{"taxonomy":"post_tag","embeddable":true,"href":"https:\/\/diarioregionaldigital.com.br\/index.php?rest_route=%2Fwp%2Fv2%2Ftags&post=89344"}],"curies":[{"name":"wp","href":"https:\/\/api.w.org\/{rel}","templated":true}]}}