{"id":89330,"date":"2018-01-11T19:36:56","date_gmt":"2018-01-11T21:36:56","guid":{"rendered":"http:\/\/diarioregionaljf.com.br\/2018\/01\/11\/militares-apreendem-armas-e-centenas-de-porcoes-de-drogas-em-belo-horizonte\/"},"modified":"2018-01-11T19:36:56","modified_gmt":"2018-01-11T21:36:56","slug":"militares-apreendem-armas-e-centenas-de-porcoes-de-drogas-em-belo-horizonte","status":"publish","type":"post","link":"https:\/\/diarioregionaldigital.com.br\/?p=89330","title":{"rendered":"Militares apreendem armas e centenas de por\u00e7\u00f5es de drogas em Belo Horizonte"},"content":{"rendered":"<p>De posse de informa\u00e7\u00f5es a respeito de tr\u00e1fico de drogas, duas equipes de rondas da Pol\u00edcia Militar (PM), em conjunto com a equipe da Ronda Ostensiva com C\u00e3es (Rocca), se deslocaram at\u00e9 o bairro Taquaril, zona leste de Belo Horizonte (a cerca de 273 Km de Juiz de Fora), onde efetuaram a pris\u00e3o de um indiv\u00edduo, conhecido por ser o gerente do tr\u00e1fico de drogas da regi\u00e3o.<\/p>\n<p>Durante a a\u00e7\u00e3o, realizada nesta quinta-feira, 11, foram apreendidos uma pistola 9mm; muni\u00e7\u00f5es de fuzil 762 e calibre 9mm; 606 buchas, 29 por\u00e7\u00f5es e um barra de 500g de maconha; 441 pinos de coca\u00edna e uma barra de 2kg de pasta base da mesma droga, al\u00e9m de tr\u00eas balan\u00e7as de precis\u00e3o e a quantia R$508.<\/p>\n","protected":false},"excerpt":{"rendered":"<p>De posse de informa\u00e7\u00f5es a respeito de tr\u00e1fico de drogas, duas equipes de rondas da Pol\u00edcia Militar (PM), em conjunto com a equipe da Ronda Ostensiva com C\u00e3es (Rocca), se deslocaram at\u00e9 o bairro Taquaril, zona leste de Belo Horizonte (a cerca de 273 Km de Juiz de Fora), onde efetuaram a pris\u00e3o de um [&hellip;]<\/p>\n","protected":false},"author":96,"featured_media":89329,"comment_status":"closed","ping_status":"closed","sticky":false,"template":"","format":"standard","meta":{"footnotes":""},"categories":[252],"tags":[],"class_list":["post-89330","post","type-post","status-publish","format-standard","has-post-thumbnail","hentry","category-regiao"],"_links":{"self":[{"href":"https:\/\/diarioregionaldigital.com.br\/index.php?rest_route=\/wp\/v2\/posts\/89330","targetHints":{"allow":["GET"]}}],"collection":[{"href":"https:\/\/diarioregionaldigital.com.br\/index.php?rest_route=\/wp\/v2\/posts"}],"about":[{"href":"https:\/\/diarioregionaldigital.com.br\/index.php?rest_route=\/wp\/v2\/types\/post"}],"author":[{"embeddable":true,"href":"https:\/\/diarioregionaldigital.com.br\/index.php?rest_route=\/wp\/v2\/users\/96"}],"replies":[{"embeddable":true,"href":"https:\/\/diarioregionaldigital.com.br\/index.php?rest_route=%2Fwp%2Fv2%2Fcomments&post=89330"}],"version-history":[{"count":0,"href":"https:\/\/diarioregionaldigital.com.br\/index.php?rest_route=\/wp\/v2\/posts\/89330\/revisions"}],"wp:featuredmedia":[{"embeddable":true,"href":"https:\/\/diarioregionaldigital.com.br\/index.php?rest_route=\/wp\/v2\/media\/89329"}],"wp:attachment":[{"href":"https:\/\/diarioregionaldigital.com.br\/index.php?rest_route=%2Fwp%2Fv2%2Fmedia&parent=89330"}],"wp:term":[{"taxonomy":"category","embeddable":true,"href":"https:\/\/diarioregionaldigital.com.br\/index.php?rest_route=%2Fwp%2Fv2%2Fcategories&post=89330"},{"taxonomy":"post_tag","embeddable":true,"href":"https:\/\/diarioregionaldigital.com.br\/index.php?rest_route=%2Fwp%2Fv2%2Ftags&post=89330"}],"curies":[{"name":"wp","href":"https:\/\/api.w.org\/{rel}","templated":true}]}}